{"id":3830,"date":"2026-09-04T13:51:45","date_gmt":"2026-09-04T13:51:45","guid":{"rendered":"https:\/\/www.reves-sur-mer.ch\/?p=3830"},"modified":"2026-09-04T13:53:08","modified_gmt":"2026-09-04T13:53:08","slug":"3830-2","status":"publish","type":"post","link":"https:\/\/www.reves-sur-mer.ch\/fr_fr\/3830-2\/","title":{"rendered":"OKTOBER 2026 WOCHE 1 \u2013 DIE STURMSEGLER \u2013 DOSF 1"},"content":{"rendered":"\n<p class=\"wp-block-paragraph\"><\/p>\n\n\n\n<p class=\"wp-block-paragraph\">Wir erwarten, dass wir lernen wie man segelt und mit dem Segelboot umgeht. Dass wir ein tolles Gruppenbeisammensein haben, dass wir viel baden gehen oder auch ein Austausch mit den anderen Booten haben. Wir hoffen dass wir nicht zu fr\u00fch ins Bett m\u00fcssen und auch viel Musik h\u00f6ren k\u00f6nnen. Wir w\u00fcnschen uns, viel \u00fcber das Meer und ihre Bewohner zu erfahren. Das zusammen Kochen auf dem Schiff stellen wir uns auch super vor. Wie erwarten eine unvergessliche, sch\u00f6ne Zeit auf dem Meer.<\/p>\n\n\n\n<p class=\"wp-block-paragraph\"><\/p>\n","protected":false},"excerpt":{"rendered":"<p>Wir erwarten, dass wir lernen wie man segelt und mit dem Segelboot umgeht. Dass wir ein tolles Gruppenbeisammensein haben, dass wir viel baden gehen oder auch ein Austausch mit den anderen Booten haben. Wir hoffen dass wir nicht zu fr\u00fch ins Bett m\u00fcssen und auch viel Musik h\u00f6ren k\u00f6nnen. Wir w\u00fcnschen uns, viel \u00fcber das [&hellip;]<\/p>\n","protected":false},"author":7,"featured_media":3826,"comment_status":"closed","ping_status":"closed","sticky":false,"template":"","format":"standard","meta":{"_et_pb_use_builder":"","_et_pb_old_content":"","_et_gb_content_width":"","footnotes":""},"categories":[13],"tags":[],"class_list":["post-3830","post","type-post","status-publish","format-standard","has-post-thumbnail","hentry","category-navigation"],"_links":{"self":[{"href":"https:\/\/www.reves-sur-mer.ch\/fr_fr\/wp-json\/wp\/v2\/posts\/3830","targetHints":{"allow":["GET"]}}],"collection":[{"href":"https:\/\/www.reves-sur-mer.ch\/fr_fr\/wp-json\/wp\/v2\/posts"}],"about":[{"href":"https:\/\/www.reves-sur-mer.ch\/fr_fr\/wp-json\/wp\/v2\/types\/post"}],"author":[{"embeddable":true,"href":"https:\/\/www.reves-sur-mer.ch\/fr_fr\/wp-json\/wp\/v2\/users\/7"}],"replies":[{"embeddable":true,"href":"https:\/\/www.reves-sur-mer.ch\/fr_fr\/wp-json\/wp\/v2\/comments?post=3830"}],"version-history":[{"count":2,"href":"https:\/\/www.reves-sur-mer.ch\/fr_fr\/wp-json\/wp\/v2\/posts\/3830\/revisions"}],"predecessor-version":[{"id":3832,"href":"https:\/\/www.reves-sur-mer.ch\/fr_fr\/wp-json\/wp\/v2\/posts\/3830\/revisions\/3832"}],"wp:featuredmedia":[{"embeddable":true,"href":"https:\/\/www.reves-sur-mer.ch\/fr_fr\/wp-json\/wp\/v2\/media\/3826"}],"wp:attachment":[{"href":"https:\/\/www.reves-sur-mer.ch\/fr_fr\/wp-json\/wp\/v2\/media?parent=3830"}],"wp:term":[{"taxonomy":"category","embeddable":true,"href":"https:\/\/www.reves-sur-mer.ch\/fr_fr\/wp-json\/wp\/v2\/categories?post=3830"},{"taxonomy":"post_tag","embeddable":true,"href":"https:\/\/www.reves-sur-mer.ch\/fr_fr\/wp-json\/wp\/v2\/tags?post=3830"}],"curies":[{"name":"wp","href":"https:\/\/api.w.org\/{rel}","templated":true}]}}