{"id":2413,"date":"2025-10-09T19:44:19","date_gmt":"2025-10-09T19:44:19","guid":{"rendered":"https:\/\/www.reves-sur-mer.ch\/?p=2413"},"modified":"2025-10-27T14:37:26","modified_gmt":"2025-10-27T14:37:26","slug":"octobre-2025-les-mouettes-co-marly","status":"publish","type":"post","link":"https:\/\/www.reves-sur-mer.ch\/de\/octobre-2025-les-mouettes-co-marly\/","title":{"rendered":"OCTOBRE 2025 &#8211; SEMAINE 1 &#8211; LES MOUETTES &#8211; co mARLY"},"content":{"rendered":"<p>Jane, Aliz\u00e9e, Noa, Augustin, Helder, Lukas , Elsa et Manon<\/p>\n\n\n\n<p>Salut tout le monde !&nbsp;<\/p>\n\n\n\n<p>Nous, c\u2019est l\u2019\u00e9quipage des Mouettes!<\/p>\n\n\n\n<p>Dans quelques jours, on part pour une semaine en M\u00e9diterran\u00e9e, pr\u00eats \u00e0 vivre des aventures incroyables, \u00e0 apprendre la vie en mer et \u00e0 affronter les vagues (et peut-\u00eatre un peu le mal de mer).&nbsp;<\/p>\n\n\n\n<p>On sera accompagn\u00e9s du skipper \u00c9ric, toujours calme m\u00eame quand \u00e7a tangue, et d\u2019Arno, le second, aussi dou\u00e9 pour les man\u0153uvres que pour faire rire tout l\u2019\u00e9quipage.&nbsp;<\/p>\n\n\n\n<p>On a h\u00e2te de partager tout \u00e7a avec vous !<\/p>\n\n\n\n<p><strong>Samedi 11 octobre 2025<\/strong><\/p>\n\n\n\n<p>Nous sommes arriv\u00e9s tout excit\u00e9s dans ce port inconnu, dont nous nous souviendrons pour toujours!<br>C\u2019est une exp\u00e9rience que tout le monde devrait pouvoir vivre une fois dans la vie.<br>C\u2019est super bien, tout le monde trouve sa place dans ce petit bateau.<br>Nous avons pu d\u00e9couvrir ce milieu qui nous \u00e9tait inconnu. Nous avons fait les courses, les \u00ab provisions \u00bb pour une semaine. Nous avons \u00e9galement \u00e9t\u00e9 \u00e0 la plage, et nous avons d\u00e9j\u00e0 bien appris \u00e0 utiliser notre bateau.<br>Nous pensons qu\u2019il y aura des hauts et des bas mais il faut toujours garder le poing lev\u00e9!<br>Merci \u00e0 tout le monde pour cette chouette exp\u00e9rience qui nous attend. Merci!<\/p>\n\n\n\n<p><\/p>\n\n\n\n<p><strong>Dimanche 12 Octobre 2025<\/strong><\/p>\n\n\n\n<p>R\u00e9veil \u00e0 6:30 pour pr\u00e9parer le bateau. Nous avons partag\u00e9 notre premier d\u00e9jeuner \u00e0 bord. Puis, nous avons eu un briefing sur les r\u00e8gles de s\u00e9curit\u00e9. Nous avons largu\u00e9 les amarres ! Pendant le trajet, nous avons eu 2-3 aventures. Comme Elsa et Manon qui ont d\u00fb grimper au mat car quelque chose coin\u00e7ait la voile. Nous nous sommes \u00e9galement retrouv\u00e9s au milieu de la r\u00e9gate. Nous avons tous pu barrer (conduire le voilier). Vers 17h, nous sommes arriv\u00e9s au mouillage dans une baie de Porquerolles. Quand nous sommes arriv\u00e9s, nous avons lanc\u00e9 l\u2019ancre pour la nuit. Nous nous sommes baign\u00e9s puis nous avons pr\u00e9par\u00e9 le souper. Ce soir \u00e9tait moins stressant que le premier soir.<\/p>\n\n\n\n<figure class=\"wp-block-image size-large\"><img loading=\"lazy\" decoding=\"async\" width=\"1024\" height=\"768\" src=\"https:\/\/www.reves-sur-mer.ch\/wp-content\/uploads\/2025\/10\/12-10-2025-1-1024x768.jpg\" alt=\"\" class=\"wp-image-2470\" srcset=\"https:\/\/www.reves-sur-mer.ch\/wp-content\/uploads\/2025\/10\/12-10-2025-1-980x735.jpg 980w, https:\/\/www.reves-sur-mer.ch\/wp-content\/uploads\/2025\/10\/12-10-2025-1-480x360.jpg 480w\" sizes=\"(min-width: 0px) and (max-width: 480px) 480px, (min-width: 481px) and (max-width: 980px) 980px, (min-width: 981px) 1024px, 100vw\" \/><\/figure>\n\n\n\n<figure class=\"wp-block-image size-large\"><img loading=\"lazy\" decoding=\"async\" width=\"768\" height=\"1024\" src=\"https:\/\/www.reves-sur-mer.ch\/wp-content\/uploads\/2025\/10\/12-10-2025-B-768x1024.jpg\" alt=\"\" class=\"wp-image-2471\" \/><\/figure>\n\n\n\n<p><\/p>\n\n\n\n<p><strong>Lundi 13 octobre 2025<\/strong><\/p>\n\n\n\n<p><\/p>\n\n\n\n<figure class=\"wp-block-image size-large\"><img loading=\"lazy\" decoding=\"async\" width=\"1024\" height=\"768\" src=\"https:\/\/www.reves-sur-mer.ch\/wp-content\/uploads\/2025\/10\/13-10-2025-A-3-1024x768.jpg\" alt=\"\" class=\"wp-image-2533\" srcset=\"https:\/\/www.reves-sur-mer.ch\/wp-content\/uploads\/2025\/10\/13-10-2025-A-3-980x735.jpg 980w, https:\/\/www.reves-sur-mer.ch\/wp-content\/uploads\/2025\/10\/13-10-2025-A-3-480x360.jpg 480w\" sizes=\"(min-width: 0px) and (max-width: 480px) 480px, (min-width: 481px) and (max-width: 980px) 980px, (min-width: 981px) 1024px, 100vw\" \/><\/figure>\n\n\n\n<p><\/p>\n\n\n\n<p>\u00ab Aujourd\u2019hui, nous nous sommes r\u00e9veill\u00e9s \u00e0 8h, les gar\u00e7ons ont directement saut\u00e9s dans l\u2019eau. Puis, nous avons d\u00e9jeun\u00e9. Manon et Noa on pr\u00e9pare la salade de riz. Pendant ce temps, Jane, Elsa, Arnaud et \u00c9ric ont jou\u00e9 aux cartes pendant que les gar\u00e7ons faisaient des tours sur l\u2019annexe. Nous avons vu une pieuvre \ud83d\udc19. Puis nous sommes partis. Nous avons chang\u00e9 de chemin car la m\u00e9t\u00e9o \u00e9tait id\u00e9ale. Vers midi, nous avons eu notre deuxi\u00e8me test d\u2019\u00ab homme \u00e0 la mer \u00bb =&gt; une bou\u00e9! Puis nous avons mang\u00e9 le d\u00eener. Remercie Malika (maman de Manon) et Alexandra et Babette (maman et grand-maman de Jane) pour leurs d\u00e9licieuses confiseries! Notre ch\u00e8re capitaine Elsa a tr\u00e8s bien barr\u00e9. Pendant ce temps, Helder, Manon, Jane et Aliz\u00e9e se sont repos\u00e9s \u00e0 l\u2019avant du voilier. Augustin et Lukas ont fait les g\u00e9ographes. Nous nous dirigions vers le port Lavandoux. C\u2019\u00e9tait notre premier amarrage au ponton. Puis nous avons enfin eu notre douche avec eau chaude. Ensuite nous avons fait un tour dans les petits magasins comme une librairie. Apr\u00e8s nous avons partag\u00e9 un ap\u00e9ro en compagnie de notre accompagnateur Gaet\u00e1n. Elsa, Helder, Manon et Augustin ont pr\u00e9par\u00e9 le souper.<\/p>\n\n\n\n<figure class=\"wp-block-image size-large\"><img loading=\"lazy\" decoding=\"async\" width=\"1024\" height=\"768\" src=\"https:\/\/www.reves-sur-mer.ch\/wp-content\/uploads\/2025\/10\/13-10-2025-B-3-1024x768.jpg\" alt=\"\" class=\"wp-image-2535\" srcset=\"https:\/\/www.reves-sur-mer.ch\/wp-content\/uploads\/2025\/10\/13-10-2025-B-3-980x735.jpg 980w, https:\/\/www.reves-sur-mer.ch\/wp-content\/uploads\/2025\/10\/13-10-2025-B-3-480x360.jpg 480w\" sizes=\"(min-width: 0px) and (max-width: 480px) 480px, (min-width: 481px) and (max-width: 980px) 980px, (min-width: 981px) 1024px, 100vw\" \/><\/figure>\n\n\n\n<p><\/p>\n\n\n\n<p><strong>Mardi 14 octobre 2025<\/strong><\/p>\n\n\n\n<p>Ce soir les mouettes ont \u00e9crit:<br>Heure haben wir am 8:00 Uhr aufgestanden. Wir haben ein bisschen geseget. Wir gehen nah Hafen-Cros sind wir in Insel, wir sind gelaufen. Wir sind ein Strand angekommen. Die Wasser ist sehr hell aber sie ist sehr kalt. Wir haben geschwommen. Dannah haben wir Eis gekaufen. Am 17:00 Uhr haben wir Chibre gespielt. Am Abendessen haben wir ein fondue gegessen. Das ist sehr fein.<\/p>\n\n\n\n<figure class=\"wp-block-image size-large\"><img loading=\"lazy\" decoding=\"async\" width=\"793\" height=\"1024\" src=\"https:\/\/www.reves-sur-mer.ch\/wp-content\/uploads\/2025\/10\/14-10-2025-A-2-793x1024.jpg\" alt=\"\" class=\"wp-image-2577\" \/><\/figure>\n\n\n\n<figure class=\"wp-block-image size-large\"><img loading=\"lazy\" decoding=\"async\" width=\"768\" height=\"1024\" src=\"https:\/\/www.reves-sur-mer.ch\/wp-content\/uploads\/2025\/10\/14-10-2025-D-768x1024.jpg\" alt=\"\" class=\"wp-image-2582\" \/><\/figure>\n\n\n\n<figure class=\"wp-block-image size-large\"><img loading=\"lazy\" decoding=\"async\" width=\"767\" height=\"1024\" src=\"https:\/\/www.reves-sur-mer.ch\/wp-content\/uploads\/2025\/10\/14-10-2025-C-3-767x1024.jpg\" alt=\"\" class=\"wp-image-2587\" \/><\/figure>\n\n\n\n<figure class=\"wp-block-image size-large\"><img loading=\"lazy\" decoding=\"async\" width=\"1024\" height=\"768\" src=\"https:\/\/www.reves-sur-mer.ch\/wp-content\/uploads\/2025\/10\/14-10-2025-B-3-1024x768.jpg\" alt=\"\" class=\"wp-image-2588\" srcset=\"https:\/\/www.reves-sur-mer.ch\/wp-content\/uploads\/2025\/10\/14-10-2025-B-3-980x735.jpg 980w, https:\/\/www.reves-sur-mer.ch\/wp-content\/uploads\/2025\/10\/14-10-2025-B-3-480x360.jpg 480w\" sizes=\"(min-width: 0px) and (max-width: 480px) 480px, (min-width: 481px) and (max-width: 980px) 980px, (min-width: 981px) 1024px, 100vw\" \/><\/figure>\n\n\n\n<p><\/p>\n\n\n\n<p><strong>Mercredi 15 octobre 2025<\/strong><\/p>\n\n\n\n<figure class=\"wp-block-image size-large\"><img loading=\"lazy\" decoding=\"async\" width=\"1024\" height=\"768\" src=\"https:\/\/www.reves-sur-mer.ch\/wp-content\/uploads\/2025\/10\/15-10-2025-A-1-1024x768.jpg\" alt=\"\" class=\"wp-image-2618\" srcset=\"https:\/\/www.reves-sur-mer.ch\/wp-content\/uploads\/2025\/10\/15-10-2025-A-1-980x735.jpg 980w, https:\/\/www.reves-sur-mer.ch\/wp-content\/uploads\/2025\/10\/15-10-2025-A-1-480x360.jpg 480w\" sizes=\"(min-width: 0px) and (max-width: 480px) 480px, (min-width: 481px) and (max-width: 980px) 980px, (min-width: 981px) 1024px, 100vw\" \/><\/figure>\n\n\n\n<p><\/p>\n\n\n\n<p>Aujourd\u2019hui, nous nous sommes lev\u00e9s \u00e0 l\u2019aube (vers 5h30) et sommes partis en mer \u00e0 6h. Pas tout \u00e9vident pour ne skipper qui ne voyait rien. Il nous a montr\u00e9 comment se rep\u00e9rer uniquement avec les cartes et instruments de bord. Nous avons pu admirer le lever du soleil en pleine mer, c\u2019\u00e9tait magnifique!<br>Nous avons navigu\u00e9 au dessus d\u2019une fosse de plus de 2000 m\u00e8tres de profondeur, on ne voyait plus la terre!<br>Suite \u00e0 un gros coup de vent, un coussin du cockpit s\u2019est envol\u00e9 et, malgr\u00e9 nos efforts, nous ne l\u2019avons pas retrouv\u00e9.<br>Puis, tout \u00e0 coup, Arno a cri\u00e9 \u00ab Dauphin \u00e0 tribord! \u00bb et nous avons d\u00e9couvert un banc de dauphins (une dizaine) qui est pass\u00e9e devant notre bateau et meme dessous! C\u2019\u00e9tait rapide mais magique!<br>En fin de journ\u00e9e, nous avons accost\u00e9 \u00e0 Porquerolles, fait une balade dans le village, mang\u00e9 une glace et avons partag\u00e9 le souper avec tout le reste de l\u2019\u00e9quipage, les mouettes et les albatros! On \u00e9tait serr\u00e9s, mais c\u2019\u00e9tait chouette!<\/p>\n\n\n\n<p><\/p>\n\n\n\n<figure class=\"wp-block-image size-large\"><img loading=\"lazy\" decoding=\"async\" width=\"768\" height=\"1024\" src=\"https:\/\/www.reves-sur-mer.ch\/wp-content\/uploads\/2025\/10\/15-10-2025-C-1-768x1024.jpg\" alt=\"\" class=\"wp-image-2619\" \/><\/figure>\n\n\n\n<figure class=\"wp-block-image size-large\"><img loading=\"lazy\" decoding=\"async\" width=\"1024\" height=\"768\" src=\"https:\/\/www.reves-sur-mer.ch\/wp-content\/uploads\/2025\/10\/15-10-2025-B-1-1024x768.jpg\" alt=\"\" class=\"wp-image-2620\" srcset=\"https:\/\/www.reves-sur-mer.ch\/wp-content\/uploads\/2025\/10\/15-10-2025-B-1-980x735.jpg 980w, https:\/\/www.reves-sur-mer.ch\/wp-content\/uploads\/2025\/10\/15-10-2025-B-1-480x360.jpg 480w\" sizes=\"(min-width: 0px) and (max-width: 480px) 480px, (min-width: 481px) and (max-width: 980px) 980px, (min-width: 981px) 1024px, 100vw\" \/><\/figure>\n\n\n\n<p><\/p>\n\n\n\n<p><strong>Jeudi 16 octobre 2025<\/strong><\/p>\n\n\n\n<figure class=\"wp-block-image size-large\"><img loading=\"lazy\" decoding=\"async\" width=\"1024\" height=\"768\" src=\"https:\/\/www.reves-sur-mer.ch\/wp-content\/uploads\/2025\/10\/16-10-2025-A-2-1024x768.jpg\" alt=\"\" class=\"wp-image-2661\" srcset=\"https:\/\/www.reves-sur-mer.ch\/wp-content\/uploads\/2025\/10\/16-10-2025-A-2-980x735.jpg 980w, https:\/\/www.reves-sur-mer.ch\/wp-content\/uploads\/2025\/10\/16-10-2025-A-2-480x360.jpg 480w\" sizes=\"(min-width: 0px) and (max-width: 480px) 480px, (min-width: 481px) and (max-width: 980px) 980px, (min-width: 981px) 1024px, 100vw\" \/><\/figure>\n\n\n\n<p><\/p>\n\n\n\n<p>Aujourd\u2019hui, nous n\u2019avons pas navigu\u00e9 mais avons fait du v\u00e9lo sur des chemins caillouteux, un pique nique \u00e0 la plage, puis une marche sur l\u2019\u00eele de Porquerolles. C\u2019\u00e9tait chouette!<br>Certains ont aussi fait du shopping.<\/p>\n\n\n\n<p>Le soir nous avons invit\u00e9 Eric, Arno, Marc et Igor pour un ap\u00e9ro sur notre bateau. Puis nous avons f\u00eat\u00e9 l\u2019anniversaire d\u2019Helder!<\/p>\n\n\n\n<p>Et pour finir, trouverez-vous ce film?<\/p>\n\n\n\n<p>Je lance une gousse d\u2019ail contre un mur et elle revient.<\/p>\n\n\n\n<p><\/p>\n\n\n\n<p><strong>Vendredi 17 octobre 2025<\/strong><\/p>\n\n\n\n<p>Aujourd\u2019hui, on \u00e9tait \u00e0 la disco avec nos crunsh (crush). Nous avons souper au restaurant. Puis apr\u00e8s avoir vu un band de poissons volants, Jane a voulu les imiter en glissant dans l\u2019eau du port \u2026 Ensuite nous avons rang\u00e9 le bateau, nous sommes \u00e9galement all\u00e9s au mouillage pour se baigner, Augustin a trouv\u00e9 un coquillage et des oursins et Jane a plong\u00e9 \u00e0 9m de profondeur et a touch\u00e9 le fond. Nous sommes partis du port de Porquerolles vers 10h00 en compagnie du merveilleux Ga\u00ebtan. Le matin les filles du bateau sont all\u00e9es acheter les derniers souvenirs qu\u2019elles voulaient ramener \u00e0 la maison. Les gar\u00e7ons et les filles du bateau ont \u00e9galement pass\u00e9 la semaine \u00e0 reluquer les autres \u00e9quipages!<\/p>\n\n\n\n<p>PS:<br>Si jamais le blog d\u2019aujourd\u2019hui a \u00e9t\u00e9 \u00e9crit \u00e0 l\u2019envers.<\/p>","protected":false},"excerpt":{"rendered":"<p>Jane, Aliz\u00e9e, Noa, Augustin, Helder, Lukas , Elsa et Manon Salut tout le monde !&nbsp; Nous, c\u2019est l\u2019\u00e9quipage des Mouettes! Dans quelques jours, on part pour une semaine en M\u00e9diterran\u00e9e, pr\u00eats \u00e0 vivre des aventures incroyables, \u00e0 apprendre la vie en mer et \u00e0 affronter les vagues (et peut-\u00eatre un peu le mal de mer).&nbsp; [&hellip;]<\/p>\n","protected":false},"author":7,"featured_media":2956,"comment_status":"closed","ping_status":"closed","sticky":false,"template":"","format":"standard","meta":{"_et_pb_use_builder":"","_et_pb_old_content":"","_et_gb_content_width":"","footnotes":""},"categories":[13],"tags":[],"class_list":["post-2413","post","type-post","status-publish","format-standard","has-post-thumbnail","hentry","category-navigation"],"_links":{"self":[{"href":"https:\/\/www.reves-sur-mer.ch\/de\/wp-json\/wp\/v2\/posts\/2413","targetHints":{"allow":["GET"]}}],"collection":[{"href":"https:\/\/www.reves-sur-mer.ch\/de\/wp-json\/wp\/v2\/posts"}],"about":[{"href":"https:\/\/www.reves-sur-mer.ch\/de\/wp-json\/wp\/v2\/types\/post"}],"author":[{"embeddable":true,"href":"https:\/\/www.reves-sur-mer.ch\/de\/wp-json\/wp\/v2\/users\/7"}],"replies":[{"embeddable":true,"href":"https:\/\/www.reves-sur-mer.ch\/de\/wp-json\/wp\/v2\/comments?post=2413"}],"version-history":[{"count":16,"href":"https:\/\/www.reves-sur-mer.ch\/de\/wp-json\/wp\/v2\/posts\/2413\/revisions"}],"predecessor-version":[{"id":3121,"href":"https:\/\/www.reves-sur-mer.ch\/de\/wp-json\/wp\/v2\/posts\/2413\/revisions\/3121"}],"wp:featuredmedia":[{"embeddable":true,"href":"https:\/\/www.reves-sur-mer.ch\/de\/wp-json\/wp\/v2\/media\/2956"}],"wp:attachment":[{"href":"https:\/\/www.reves-sur-mer.ch\/de\/wp-json\/wp\/v2\/media?parent=2413"}],"wp:term":[{"taxonomy":"category","embeddable":true,"href":"https:\/\/www.reves-sur-mer.ch\/de\/wp-json\/wp\/v2\/categories?post=2413"},{"taxonomy":"post_tag","embeddable":true,"href":"https:\/\/www.reves-sur-mer.ch\/de\/wp-json\/wp\/v2\/tags?post=2413"}],"curies":[{"name":"wp","href":"https:\/\/api.w.org\/{rel}","templated":true}]}}