{"id":715,"date":"2024-09-18T14:40:56","date_gmt":"2024-09-18T14:40:56","guid":{"rendered":"http:\/\/66eae668e63cb9d692478693"},"modified":"2025-08-09T19:13:33","modified_gmt":"2025-08-09T19:13:33","slug":"oktober-2024-w2-black-sparrow","status":"publish","type":"post","link":"http:\/\/www.reves-sur-mer.ch\/fr_fr\/oktober-2024-w2-black-sparrow\/","title":{"rendered":"Oktober 2024 Woche 2 &#8211; Black Sparrow"},"content":{"rendered":"\n\n\n<p id=\"viewer-co9x51910\">Die Black Sparrow<\/p>\n\n\n\n<p id=\"viewer-cs1y0246\">Charline, Clarisse, Enea, Leann, Lina, Louis, Natalia und Nuj\u00een, das sind wir,&nbsp;die&nbsp;Black<\/p>\n\n\n\n<p id=\"viewer-zxvlo249\">Sparrow&nbsp;und wir&nbsp;werden im&nbsp;Oktober&nbsp;gemeinsam&nbsp;aufs Meer&nbsp;hinaussegeln.<\/p>\n\n\n\n<p id=\"viewer-wiy16252\">Wir sind alle voller Vorfreude diese Woche gemeinsam auf dem&nbsp;Mittelmeer zu<\/p>\n\n\n\n<p id=\"viewer-o38dh255\">verbringen&nbsp;und uns dabei besser kennenzulernen.&nbsp;Gespannt und voller Motivation<\/p>\n\n\n\n<p id=\"viewer-as5ny258\">warten wir darauf&nbsp;die Technik des Segelns zu erlernen.&nbsp;Wir freuen uns darauf<\/p>\n\n\n\n<p id=\"viewer-tejt1261\">zusammen zu kochen und den Sand unter den F\u00fcssen zu&nbsp;sp\u00fcren.<\/p>\n\n\n\n<p id=\"viewer-gpb0b264\">Wir warten ungeduldig auf das, was uns erwarten wird.<\/p>\n\n\n\n<p id=\"viewer-qpwz4267\">Obwohl wir die Black Sparrow sind, hoffen wir keinen Piraten auf dem offenen Meer zu<\/p>\n\n\n\n<p id=\"viewer-s5mlp270\">begegnen&nbsp;\ud83d\ude09<\/p>\n\n\n\n<p id=\"viewer-t3nrz305\">AHO !!<\/p>\n\n\n\n<p id=\"viewer-68p5y2503\"><strong>Black&nbsp; Sparrow, 19.10.2024<\/strong><\/p>\n\n\n\n<p id=\"viewer-nnv6u2517\">Nach einer mehrst\u00fcndigen und eher ungem\u00fctlichen Fahrt kamen wir in Toulon an. Als erstes wurden uns die Segelboote gezeigt und erkl\u00e4rt. Nachdem wir unsere Gruppe und unser Boot ein wenig besser kennengelernt haben, haben wir gem\u00fctlich am Strand unser verdientes Mittagessen gegessen und ein wenig gebadet. Danach sind wir alles N\u00f6tige einkaufen gegangen und haben noch ein Eis verzehrt. Am Abend haben wir unser Abendessen gekocht und gegessen.<\/p>\n\n\n\n<figure class=\"wp-block-image\"><img decoding=\"async\" src=\"https:\/\/static.wixstatic.com\/media\/f07af8_1f14cf4810174fa58717a204dfc6230c~mv2.jpg\/v1\/fill\/w_740,h_555,al_c,q_85,usm_0.66_1.00_0.01,enc_avif,quality_auto\/f07af8_1f14cf4810174fa58717a204dfc6230c~mv2.jpg\" alt=\"\"\/><\/figure>\n\n\n\n<figure class=\"wp-block-image\"><img decoding=\"async\" src=\"https:\/\/static.wixstatic.com\/media\/f07af8_1ae489617549459bba8cbf8014ee5de6~mv2.jpg\/v1\/fill\/w_740,h_555,al_c,q_85,usm_0.66_1.00_0.01,enc_avif,quality_auto\/f07af8_1ae489617549459bba8cbf8014ee5de6~mv2.jpg\" alt=\"\"\/><\/figure>\n\n\n\n<p id=\"viewer-7t24h\"><strong>Black&nbsp; Sparrow, 20.10.2024<\/strong><\/p>\n\n\n\n<p id=\"viewer-9rrj9\">Nach einem erholenden Schlaf st\u00fcrzten wir uns hungrig auf das Fr\u00fchst\u00fcck. Voller Vorfreude BRETTERTEN wir durch den Hafen und spielten dabei Putsch-Schiff:). Nach diesem kleinen Missgeschick sind wir gem\u00fctlich und in guter Ferienstimmung dahingesegelt. Zum Mittagessen gab es einen (Fast) leckeren H\u00f6rnlisalat. Nachmittags hatten wir einen B\u00e4renhunger und bekamen eine Erfreuliche Mitteilung: Wir haben unlimiterten Zugang zu Baguette\ud83e\udd56. Somit stopften wir uns den ganzen Nachmittag mit Brot voll. Sp\u00e4ter kamen wir in einer wundersch\u00f6nen kleinen Bucht an, in der wir uns erfreut abk\u00fchlten. Zum Znacht gab es Riz Casimir. Liebe Gr\u00fcsse an unsere Eltern und Herr Br\u00fcnisholz (\u00c4nguu)<\/p>\n\n\n\n<figure class=\"wp-block-image\"><img decoding=\"async\" src=\"https:\/\/static.wixstatic.com\/media\/f07af8_b4c1ba7f9b774a77af6f60787487ebc0~mv2.jpg\/v1\/fill\/w_740,h_555,al_c,q_85,usm_0.66_1.00_0.01,enc_avif,quality_auto\/f07af8_b4c1ba7f9b774a77af6f60787487ebc0~mv2.jpg\" alt=\"\"\/><\/figure>\n\n\n\n<figure class=\"wp-block-image\"><img decoding=\"async\" src=\"https:\/\/static.wixstatic.com\/media\/f07af8_856989d520ab4bf7b10af19cf3efffe3~mv2.jpg\/v1\/fill\/w_740,h_555,al_c,q_85,usm_0.66_1.00_0.01,enc_avif,quality_auto\/f07af8_856989d520ab4bf7b10af19cf3efffe3~mv2.jpg\" alt=\"\"\/><\/figure>\n\n\n\n<figure class=\"wp-block-image\"><img decoding=\"async\" src=\"https:\/\/static.wixstatic.com\/media\/f07af8_3f25dcc8f4854111b521e12315c12c5d~mv2.jpg\/v1\/fill\/w_740,h_555,al_c,q_85,usm_0.66_1.00_0.01,enc_avif,quality_auto\/f07af8_3f25dcc8f4854111b521e12315c12c5d~mv2.jpg\" alt=\"\"\/><\/figure>\n\n\n\n<p id=\"viewer-2sm6g\"><strong>Black&nbsp; Sparrow, 21.10.2024<\/strong><\/p>\n\n\n\n<p id=\"viewer-c4vdb279\">Nous nous sommes reveill\u00e9s avec une vue manifuque et un bon petit d\u00e9jeuner. Avec le ventre bien plain nous nous sommes aventur\u00e9 des les grandes vages de la mer medit\u00e9ranienne. Pendant le trajait nous nous sommes ambientier avec de la musique. Pour le repas de midi nous avons mang\u00e9 des d\u00e9licieux burgers. Il y avait plus de vent que hier et des grandes vages, le bateau a bien tangu\u00e9 \ud83d\ude09 C&rsquo;etait tr\u00e8s dr\u00f4le et personne n&rsquo;est tomb\u00e9 malade!<\/p>\n\n\n\n<figure class=\"wp-block-image\"><img decoding=\"async\" src=\"https:\/\/static.wixstatic.com\/media\/f07af8_1c09f93411c74cf3853ef578d898e76e~mv2.jpg\/v1\/fill\/w_740,h_555,al_c,q_85,usm_0.66_1.00_0.01,enc_avif,quality_auto\/f07af8_1c09f93411c74cf3853ef578d898e76e~mv2.jpg\" alt=\"\"\/><\/figure>\n\n\n\n<figure class=\"wp-block-image\"><img decoding=\"async\" src=\"https:\/\/static.wixstatic.com\/media\/f07af8_4cd1178983af43cf95a2aa41aa9cf1f6~mv2.jpg\/v1\/fill\/w_653,h_918,al_c,q_85,enc_avif,quality_auto\/f07af8_4cd1178983af43cf95a2aa41aa9cf1f6~mv2.jpg\" alt=\"\"\/><\/figure>\n\n\n\n<figure class=\"wp-block-image\"><img decoding=\"async\" src=\"https:\/\/static.wixstatic.com\/media\/f07af8_c118ce7d57fd4b41a9153a899589f5e9~mv2.jpg\/v1\/fill\/w_740,h_555,al_c,q_85,usm_0.66_1.00_0.01,enc_avif,quality_auto\/f07af8_c118ce7d57fd4b41a9153a899589f5e9~mv2.jpg\" alt=\"\"\/><\/figure>\n\n\n\n<p id=\"viewer-4e8vl\"><strong>Black&nbsp; Sparrow, 22.10.2024<\/strong><\/p>\n\n\n\n<p id=\"viewer-udzo610429\">Couku<\/p>\n\n\n\n<p id=\"viewer-i1m5i10451\">Ce morgen nous nous sommes aufgewacht aux Hafen de Lavandou. Nous haben navigu\u00e9 bis l&rsquo;\u00cele port-cros. Wir avons gelaufen d&rsquo;un Seite \u00e0 andere. Wir avons im mer gebadet. Apr\u00e9s dieser belle Wanderung nous haben rentr\u00e9s zum bateau. Danach nous haben pr\u00e9par\u00e9 eine fondue die nous haben mang\u00e9 unter le Regen. Tout \u00e0 leur werden nous uno-flip jouer wie tout les Abend.<\/p>\n\n\n\n<figure class=\"wp-block-image\"><img decoding=\"async\" src=\"https:\/\/static.wixstatic.com\/media\/f07af8_52448c501ac844a18bff63d9f4ae3947~mv2.jpg\/v1\/fill\/w_740,h_555,al_c,q_85,usm_0.66_1.00_0.01,enc_avif,quality_auto\/f07af8_52448c501ac844a18bff63d9f4ae3947~mv2.jpg\" alt=\"\"\/><\/figure>\n\n\n\n<figure class=\"wp-block-image\"><img decoding=\"async\" src=\"https:\/\/static.wixstatic.com\/media\/f07af8_ec886b64a7914acba6230d9028c30109~mv2.jpg\/v1\/fill\/w_740,h_555,al_c,q_85,usm_0.66_1.00_0.01,enc_avif,quality_auto\/f07af8_ec886b64a7914acba6230d9028c30109~mv2.jpg\" alt=\"\"\/><\/figure>\n\n\n\n<p id=\"viewer-mz7e510351\"><strong>Black&nbsp; Sparrow, 23.10.2024<\/strong><\/p>\n\n\n\n<p id=\"viewer-j4jis267\">H\u00fct am Morge simer grusig fr\u00e4ch vo \u00fcsne zw\u00f6 Skipper u vam Volvomotor ufgweckt cho. Nachdem wo mer ufgwacht sin, hihmer<\/p>\n\n\n\n<p id=\"viewer-i3nk0291\">\u00fcsa erschta Delfin gseh. Spehter simmer im Geburtstagschinn LEANN ga Pancakes serviere. Zum Zmittag simmer innera chlihni Bucht ga ankere u hihnis mit Cr\u00eape u Baguette vougschtopft. Am Namittag simmer a biz ga b\u00e4dle u si zum Hafe va Porquerolles gseglet. Am aabe simmernis as Gmeinschaftscheteli ga chuufe u hih no gm\u00fcetlich Znacht g\u00e4sse. Am 8 uma hih d K\u00e4ffler (Seisler) de St\u00e4dtler seislerd\u00fctschi Beleidigunge\/Begr\u00fcffe bihbracht zum Bisp\u00fcu Paiass. PS: De erschta Delfin isch imfau o de l\u00f6sch gsi:)<\/p>\n\n\n\n<figure class=\"wp-block-image\"><img decoding=\"async\" src=\"https:\/\/static.wixstatic.com\/media\/f07af8_c837dc63b8c74c8a87b19646cda4a264~mv2.jpg\/v1\/fill\/w_740,h_555,al_c,q_85,usm_0.66_1.00_0.01,enc_avif,quality_auto\/f07af8_c837dc63b8c74c8a87b19646cda4a264~mv2.jpg\" alt=\"\"\/><\/figure>\n\n\n\n<p id=\"viewer-b0k42\"><strong>Black&nbsp; Sparrow, 24.10.2024<\/strong><\/p>\n\n\n\n<p id=\"viewer-v1k4x22581\">Heute Morgen haben wir gefr\u00fchst\u00fcckt und unser Mittagessen zubereitet. Nach dem abwaschen sind wir zu einem Leuchtturm spaziert, sp\u00e4ter sind wir weiter zum Strand und haben im eiskalten Wasser gebadet. Nach dem Baden sind wir weiter mit dem Fahrrad gefahren. An der Spitze der Insel haben wir einen kleinen Rundgang gestartet und beendet. Danach sind wir mit dem Fahrrad zur\u00fcck zum Anfang gefahren und haben eine Glace genossen (spendiert von Herr Br\u00fcnisholz. Merci v\u00fcu mau).<\/p>\n\n\n\n<figure class=\"wp-block-image\"><img decoding=\"async\" src=\"https:\/\/static.wixstatic.com\/media\/f07af8_56a8e4ae93624c16aa4d67f53b1c85c9~mv2.jpg\/v1\/fill\/w_740,h_555,al_c,q_85,usm_0.66_1.00_0.01,enc_avif,quality_auto\/f07af8_56a8e4ae93624c16aa4d67f53b1c85c9~mv2.jpg\" alt=\"\"\/><\/figure>\n\n\n\n<figure class=\"wp-block-image\"><img decoding=\"async\" src=\"https:\/\/static.wixstatic.com\/media\/f07af8_35698b802d694d33a94b40ceded613f5~mv2.jpg\/v1\/fill\/w_740,h_987,al_c,q_85,usm_0.66_1.00_0.01,enc_avif,quality_auto\/f07af8_35698b802d694d33a94b40ceded613f5~mv2.jpg\" alt=\"\"\/><\/figure>\n\n\n\n<p id=\"viewer-zcrkl306\"><strong>Black&nbsp; Sparrow, 25.10.2024<\/strong><\/p>\n\n\n\n<p id=\"viewer-g56f5460\">Nach dem Fr\u00fchst\u00fcck f\u00fcrs erste mal unter Deck sind wir im Regen losgefahren. Gleich darauf haben wir einen Delfin gesehen. Zum Mittagessen gab es einen guten Restensalat. Als wir am Hafen angekommen sind, haben wir eine Sandwichfabrik f\u00fcr den morgigen Tag er\u00f6ffnet. Wir haben danach gepackt und geputzt. Wir sind voller Vorfreude auf das Essen im Restaurant und gespannt auf die Disco \ud83d\ude09<\/p>\n\n\n\n<p id=\"viewer-y4v03512\">Herzlichen Dank zum Lagerabschluss an Papa Spicher f\u00fcr die tolle Playlist.<\/p>\n\n\n\n<p id=\"viewer-pvyla3006\"><strong>THE CREW<\/strong><\/p>\n\n\n\n<figure class=\"wp-block-image\"><img decoding=\"async\" src=\"https:\/\/static.wixstatic.com\/media\/f07af8_ab9e88caceaf49beacf3e0fde257a131~mv2.jpg\/v1\/fill\/w_740,h_555,al_c,q_85,usm_0.66_1.00_0.01,enc_avif,quality_auto\/f07af8_ab9e88caceaf49beacf3e0fde257a131~mv2.jpg\" alt=\"\"\/><\/figure>\n\n\n\n<p id=\"viewer-yb8wy591\"><strong>R\u00eaves-sur-mer 2024, semaine 2<\/strong><\/p>\n\n\n\n<figure class=\"wp-block-image\"><img decoding=\"async\" src=\"https:\/\/static.wixstatic.com\/media\/f07af8_ba1e57c94d6349cd85eff95d936dc5dd~mv2.jpg\/v1\/fill\/w_740,h_555,al_c,q_85,usm_0.66_1.00_0.01,enc_avif,quality_auto\/f07af8_ba1e57c94d6349cd85eff95d936dc5dd~mv2.jpg\" alt=\"\"\/><\/figure>\n","protected":false},"excerpt":{"rendered":"<p>Die Black Sparrow<\/p>\n<p>Charline, Clarisse, Enea, Leann, Lina, Louis, Natalia und Nuj\u00een, das sind wir,\u00a0die\u00a0Black<\/p>\n<p>Sparrow\u00a0und wir\u00a0werden im\u00a0Oktober\u00a0gemeinsam\u00a0aufs Meer\u00a0hinaussegeln.<\/p>\n<p>Wir sind alle voller Vorfreude diese Woche gemeinsam auf dem\u00a0Mittelmeer zu<\/p>\n<p>verbringen\u00a0und uns dabei besser kennenzulernen.<\/p>\n","protected":false},"author":1,"featured_media":289,"comment_status":"open","ping_status":"open","sticky":false,"template":"","format":"standard","meta":{"_et_pb_use_builder":"","_et_pb_old_content":"","_et_gb_content_width":"","footnotes":""},"categories":[13],"tags":[20,21],"class_list":["post-715","post","type-post","status-publish","format-standard","has-post-thumbnail","hentry","category-navigation","tag-octobre-2024","tag-semaine-2"],"_links":{"self":[{"href":"http:\/\/www.reves-sur-mer.ch\/fr_fr\/wp-json\/wp\/v2\/posts\/715","targetHints":{"allow":["GET"]}}],"collection":[{"href":"http:\/\/www.reves-sur-mer.ch\/fr_fr\/wp-json\/wp\/v2\/posts"}],"about":[{"href":"http:\/\/www.reves-sur-mer.ch\/fr_fr\/wp-json\/wp\/v2\/types\/post"}],"author":[{"embeddable":true,"href":"http:\/\/www.reves-sur-mer.ch\/fr_fr\/wp-json\/wp\/v2\/users\/1"}],"replies":[{"embeddable":true,"href":"http:\/\/www.reves-sur-mer.ch\/fr_fr\/wp-json\/wp\/v2\/comments?post=715"}],"version-history":[{"count":6,"href":"http:\/\/www.reves-sur-mer.ch\/fr_fr\/wp-json\/wp\/v2\/posts\/715\/revisions"}],"predecessor-version":[{"id":1965,"href":"http:\/\/www.reves-sur-mer.ch\/fr_fr\/wp-json\/wp\/v2\/posts\/715\/revisions\/1965"}],"wp:featuredmedia":[{"embeddable":true,"href":"http:\/\/www.reves-sur-mer.ch\/fr_fr\/wp-json\/wp\/v2\/media\/289"}],"wp:attachment":[{"href":"http:\/\/www.reves-sur-mer.ch\/fr_fr\/wp-json\/wp\/v2\/media?parent=715"}],"wp:term":[{"taxonomy":"category","embeddable":true,"href":"http:\/\/www.reves-sur-mer.ch\/fr_fr\/wp-json\/wp\/v2\/categories?post=715"},{"taxonomy":"post_tag","embeddable":true,"href":"http:\/\/www.reves-sur-mer.ch\/fr_fr\/wp-json\/wp\/v2\/tags?post=715"}],"curies":[{"name":"wp","href":"https:\/\/api.w.org\/{rel}","templated":true}]}}