{"id":2300,"date":"2025-10-17T09:25:04","date_gmt":"2025-10-17T09:25:04","guid":{"rendered":"https:\/\/www.reves-sur-mer.ch\/?p=2300"},"modified":"2025-10-27T14:36:04","modified_gmt":"2025-10-27T14:36:04","slug":"octobre-2025-semaine-2-les-rodeurs-des-mers","status":"publish","type":"post","link":"http:\/\/www.reves-sur-mer.ch\/fr_fr\/octobre-2025-semaine-2-les-rodeurs-des-mers\/","title":{"rendered":"octobre 2025 semaine 2 &#8211; Les r\u00f4deurs des mers &#8211; CO estavayer"},"content":{"rendered":"\n<p> Maeva , Michelle , Antoine, Anis , Arthur , Endo , Chlo\u00e9, Leona<\/p>\n\n\n\n<p><\/p>\n\n\n\n<p><strong>23 octobre 2025, INFORMATION de la direction du camp RSM 2025 S2: : TEMP\u00caTE  : Vu les conditions m\u00e9t\u00e9orologiques, tous les bateaux sont rentr\u00e9s sans probl\u00e8me au port d&rsquo;attache Port Pin Rolland. Un programme d&rsquo;activit\u00e9s est pr\u00e9vu pour les jeunes.<\/strong><\/p>\n\n\n\n<p>Bonjour, bonjour<\/p>\n\n\n\n<p>Nous avons h\u00e2te de partir dans cette aventure qui, nous l\u2019esp\u00e9rons, sera inoubliable. Nous aimerions d\u00e9couvrir de nouvelles choses en compagnie de nos camarades de voyage.<\/p>\n\n\n\n<p><\/p>\n\n\n\n<p><strong>Samedi 18 octobre 2025<\/strong><\/p>\n\n\n\n<figure class=\"wp-block-image size-large\"><img loading=\"lazy\" decoding=\"async\" width=\"1024\" height=\"768\" src=\"https:\/\/www.reves-sur-mer.ch\/wp-content\/uploads\/2025\/09\/18-10-2025-A-1-1024x768.jpg\" alt=\"\" class=\"wp-image-2682\" srcset=\"https:\/\/www.reves-sur-mer.ch\/wp-content\/uploads\/2025\/09\/18-10-2025-A-1-980x735.jpg 980w, https:\/\/www.reves-sur-mer.ch\/wp-content\/uploads\/2025\/09\/18-10-2025-A-1-480x360.jpg 480w\" sizes=\"(min-width: 0px) and (max-width: 480px) 480px, (min-width: 481px) and (max-width: 980px) 980px, (min-width: 981px) 1024px, 100vw\" \/><\/figure>\n\n\n\n<p><\/p>\n\n\n\n<p>Ce matin nous sommes arriv\u00e9s , apr\u00e8s 8 longues heures peu reposantes, en face de Toulon , \u00e0 port pin rolland. Apr\u00e8s avoir pris connaissance de nos bateaux respectifs nous avons eu la chance de pouvoir nous baigner \u00e0 la plage, on s\u2019est beaucoup amus\u00e9s malgr\u00e9 la fraicheur de l\u2019eau . Durant l\u2019apr\u00e8s midi, nous nous sommes dirig\u00e9s vers l\u2019Intermarch\u00e9 pour faire les achats n\u00e9cessaires \u00e0 la suite de notre s\u00e9jour. Nous sommes ensuite rentr\u00e9s et nous avons eu tu temps pour nous jeux et autres. Nous avons aussi appris quelques noeuds , quelques uns \u00e9taient compliqu\u00e9s mais on s\u2019en est sorti. Ce soir nous mangeons une po\u00eal\u00e9e de spatzlis avec des l\u00e9gumes. H\u00e2tes de vous raconter notre journ\u00e9e de demain!!! Bisous bisouuuuus<\/p>\n\n\n\n<p><\/p>\n\n\n\n<figure class=\"wp-block-image size-large\"><img loading=\"lazy\" decoding=\"async\" width=\"1024\" height=\"768\" src=\"https:\/\/www.reves-sur-mer.ch\/wp-content\/uploads\/2025\/09\/18-10-2025-B-1-1024x768.jpg\" alt=\"\" class=\"wp-image-2684\" srcset=\"https:\/\/www.reves-sur-mer.ch\/wp-content\/uploads\/2025\/09\/18-10-2025-B-1-980x735.jpg 980w, https:\/\/www.reves-sur-mer.ch\/wp-content\/uploads\/2025\/09\/18-10-2025-B-1-480x360.jpg 480w\" sizes=\"(min-width: 0px) and (max-width: 480px) 480px, (min-width: 481px) and (max-width: 980px) 980px, (min-width: 981px) 1024px, 100vw\" \/><\/figure>\n\n\n\n<figure class=\"wp-block-image size-large\"><img loading=\"lazy\" decoding=\"async\" width=\"1024\" height=\"768\" src=\"https:\/\/www.reves-sur-mer.ch\/wp-content\/uploads\/2025\/09\/18-10-2025-C-1024x768.jpg\" alt=\"\" class=\"wp-image-2685\" srcset=\"https:\/\/www.reves-sur-mer.ch\/wp-content\/uploads\/2025\/09\/18-10-2025-C-980x735.jpg 980w, https:\/\/www.reves-sur-mer.ch\/wp-content\/uploads\/2025\/09\/18-10-2025-C-480x360.jpg 480w\" sizes=\"(min-width: 0px) and (max-width: 480px) 480px, (min-width: 481px) and (max-width: 980px) 980px, (min-width: 981px) 1024px, 100vw\" \/><\/figure>\n\n\n\n<p><\/p>\n\n\n\n<p><strong>Dimanche 19 octobre 2025<\/strong><\/p>\n\n\n\n<p>Ce matin nous nous sommes r\u00e9veill\u00e9s \u00e0 7:30, nous avons d\u00e9jeun\u00e9 et ensuite nous avons pris le large aux alentours de 10:30. Au bout d&rsquo;un petit moment nous avons pu hisser les voiles et c&rsquo;\u00e9tait une super d\u00e9couverte. Lors du trajet quelques uns ont pu barrer ( conduire le voilier ). Cette journ\u00e9e en mer nous a permis de d\u00e9couvrir comment hisser les voiles, barrer, et diff\u00e9rent termes utilis\u00e9s dans le monde de la voile. Pour le repas de midi nous nous sommes arr\u00eat\u00e9s 2 petites heures pour manger et passer de bons moments ensemble. En rejoignant la baie d&rsquo;Alycastre nous avons pu voyager \u00e0 l&rsquo;avant du bateau et avons admir\u00e9 le magnifique paysage ( on s&rsquo;est aussi fait \u00e9clabousser par les vagues mais c&rsquo;\u00e9tait bien quand m\u00eame ). Arriv\u00e9s \u00e0 notre destination finale nous nous sommes baign\u00e9s et avons jou\u00e9 \u00e0 des jeux tous ensemble. Ce soir c&rsquo;est b\u0153uf \u00e0 la plancha avec une bonne ratatouille. H\u00e2te de vous raconter notre journ\u00e9e de demain. Bisous bisousssss !!!<\/p>\n\n\n\n<p><\/p>\n\n\n\n<figure class=\"wp-block-image size-large\"><img loading=\"lazy\" decoding=\"async\" width=\"768\" height=\"1024\" src=\"https:\/\/www.reves-sur-mer.ch\/wp-content\/uploads\/2025\/10\/11910-A-768x1024.jpg\" alt=\"\" class=\"wp-image-2774\" \/><\/figure>\n\n\n\n<figure class=\"wp-block-image size-large\"><img loading=\"lazy\" decoding=\"async\" width=\"1024\" height=\"768\" src=\"https:\/\/www.reves-sur-mer.ch\/wp-content\/uploads\/2025\/10\/11910-B-1024x768.jpg\" alt=\"\" class=\"wp-image-2776\" srcset=\"https:\/\/www.reves-sur-mer.ch\/wp-content\/uploads\/2025\/10\/11910-B-980x735.jpg 980w, https:\/\/www.reves-sur-mer.ch\/wp-content\/uploads\/2025\/10\/11910-B-480x360.jpg 480w\" sizes=\"(min-width: 0px) and (max-width: 480px) 480px, (min-width: 481px) and (max-width: 980px) 980px, (min-width: 981px) 1024px, 100vw\" \/><\/figure>\n\n\n\n<figure class=\"wp-block-image size-large\"><img loading=\"lazy\" decoding=\"async\" width=\"768\" height=\"1024\" src=\"https:\/\/www.reves-sur-mer.ch\/wp-content\/uploads\/2025\/10\/11910-C-768x1024.jpg\" alt=\"\" class=\"wp-image-2777\" \/><\/figure>\n\n\n\n<figure class=\"wp-block-image size-large\"><img loading=\"lazy\" decoding=\"async\" width=\"1024\" height=\"768\" src=\"https:\/\/www.reves-sur-mer.ch\/wp-content\/uploads\/2025\/10\/11910-D-1024x768.jpg\" alt=\"\" class=\"wp-image-2778\" srcset=\"https:\/\/www.reves-sur-mer.ch\/wp-content\/uploads\/2025\/10\/11910-D-980x735.jpg 980w, https:\/\/www.reves-sur-mer.ch\/wp-content\/uploads\/2025\/10\/11910-D-480x360.jpg 480w\" sizes=\"(min-width: 0px) and (max-width: 480px) 480px, (min-width: 481px) and (max-width: 980px) 980px, (min-width: 981px) 1024px, 100vw\" \/><\/figure>\n\n\n\n<figure class=\"wp-block-image size-large\"><img loading=\"lazy\" decoding=\"async\" width=\"768\" height=\"1024\" src=\"https:\/\/www.reves-sur-mer.ch\/wp-content\/uploads\/2025\/10\/11910-E-768x1024.jpg\" alt=\"\" class=\"wp-image-2779\" \/><\/figure>\n\n\n\n<figure class=\"wp-block-image size-large\"><img loading=\"lazy\" decoding=\"async\" width=\"768\" height=\"1024\" src=\"https:\/\/www.reves-sur-mer.ch\/wp-content\/uploads\/2025\/10\/11910-G-768x1024.jpg\" alt=\"\" class=\"wp-image-2780\" \/><\/figure>\n\n\n\n<figure class=\"wp-block-image size-large\"><img loading=\"lazy\" decoding=\"async\" width=\"1024\" height=\"768\" src=\"https:\/\/www.reves-sur-mer.ch\/wp-content\/uploads\/2025\/10\/11910-H-1024x768.jpg\" alt=\"\" class=\"wp-image-2781\" srcset=\"https:\/\/www.reves-sur-mer.ch\/wp-content\/uploads\/2025\/10\/11910-H-980x735.jpg 980w, https:\/\/www.reves-sur-mer.ch\/wp-content\/uploads\/2025\/10\/11910-H-480x360.jpg 480w\" sizes=\"(min-width: 0px) and (max-width: 480px) 480px, (min-width: 481px) and (max-width: 980px) 980px, (min-width: 981px) 1024px, 100vw\" \/><\/figure>\n\n\n\n<figure class=\"wp-block-image size-large\"><img loading=\"lazy\" decoding=\"async\" width=\"768\" height=\"1024\" src=\"https:\/\/www.reves-sur-mer.ch\/wp-content\/uploads\/2025\/10\/11910-I-768x1024.jpg\" alt=\"\" class=\"wp-image-2782\" \/><\/figure>\n\n\n\n<figure class=\"wp-block-image size-large\"><img loading=\"lazy\" decoding=\"async\" width=\"768\" height=\"1024\" src=\"https:\/\/www.reves-sur-mer.ch\/wp-content\/uploads\/2025\/10\/11910-J-768x1024.jpg\" alt=\"\" class=\"wp-image-2783\" \/><\/figure>\n\n\n\n<figure class=\"wp-block-image size-large\"><img loading=\"lazy\" decoding=\"async\" width=\"1024\" height=\"768\" src=\"https:\/\/www.reves-sur-mer.ch\/wp-content\/uploads\/2025\/10\/11910-K-1024x768.jpg\" alt=\"\" class=\"wp-image-2784\" srcset=\"https:\/\/www.reves-sur-mer.ch\/wp-content\/uploads\/2025\/10\/11910-K-980x735.jpg 980w, https:\/\/www.reves-sur-mer.ch\/wp-content\/uploads\/2025\/10\/11910-K-480x360.jpg 480w\" sizes=\"(min-width: 0px) and (max-width: 480px) 480px, (min-width: 481px) and (max-width: 980px) 980px, (min-width: 981px) 1024px, 100vw\" \/><\/figure>\n\n\n\n<figure class=\"wp-block-image size-large\"><img loading=\"lazy\" decoding=\"async\" width=\"768\" height=\"1024\" src=\"https:\/\/www.reves-sur-mer.ch\/wp-content\/uploads\/2025\/10\/11910-L-768x1024.jpg\" alt=\"\" class=\"wp-image-2785\" \/><\/figure>\n\n\n\n<p><\/p>\n\n\n\n<p><strong>Lundi 20  octobre 2025<\/strong><\/p>\n\n\n\n<p><\/p>\n\n\n\n<figure class=\"wp-block-image size-large\"><img loading=\"lazy\" decoding=\"async\" width=\"768\" height=\"1024\" src=\"https:\/\/www.reves-sur-mer.ch\/wp-content\/uploads\/2025\/10\/20-10-2025-A-1-768x1024.jpg\" alt=\"\" class=\"wp-image-2805\" \/><\/figure>\n\n\n\n<p><\/p>\n\n\n\n<p>Ce matin nous avons pris le petit d\u00e9jeuner apr\u00e8s un r\u00e9veil \u00e0 7:00, nous avons pris le large au plus t\u00f4t pour rejoindre le port du Lavandou. Le temps n\u2019\u00e9tait pas le meilleur, nous avons eu le droit \u00e0 quelques gouttes de pluie. Leona avait la barre pendant 2 heures apr\u00e8s avoir hiss\u00e9 les voiles. Durant le trajet nous avons eut quelques probl\u00e8mes de WC ( grand merci \u00e0 Nathalie notre sauveuse ). En arrivant au port, Michelle et Antoine se sont occup\u00e9s de larguer les amarres, Chlo\u00e9, Maeva et Endo ont plac\u00e9 les parbattages avec des noeuds de cabestan et Leona s\u2019occupait du parbattage volant. Avec leur aide nous sommes bien arriv\u00e9s au port. Apr\u00e8s avoir mang\u00e9 de bonnes fajitas nous sommes all\u00e9s se balader dans la ville de lavandou. Plus tard nous avons accueilli des camarades germanophones et, avec eux, nous avons jou\u00e9 au loup garou ( nous avons d\u00fb parler allemand bien s\u00fbr ). Ce soir on mange du poulet avec des p\u00e2tes. H\u00e2te de vous raconter notre journ\u00e9e de demain. Bisous bisousss!!!<\/p>\n\n\n\n<p><\/p>\n\n\n\n<figure class=\"wp-block-image size-large\"><img loading=\"lazy\" decoding=\"async\" width=\"1024\" height=\"768\" src=\"https:\/\/www.reves-sur-mer.ch\/wp-content\/uploads\/2025\/10\/20-10-2025-B-1-1024x768.jpg\" alt=\"\" class=\"wp-image-2806\" srcset=\"https:\/\/www.reves-sur-mer.ch\/wp-content\/uploads\/2025\/10\/20-10-2025-B-1-980x735.jpg 980w, https:\/\/www.reves-sur-mer.ch\/wp-content\/uploads\/2025\/10\/20-10-2025-B-1-480x360.jpg 480w\" sizes=\"(min-width: 0px) and (max-width: 480px) 480px, (min-width: 481px) and (max-width: 980px) 980px, (min-width: 981px) 1024px, 100vw\" \/><\/figure>\n\n\n\n<figure class=\"wp-block-image size-large\"><img loading=\"lazy\" decoding=\"async\" width=\"768\" height=\"1024\" src=\"https:\/\/www.reves-sur-mer.ch\/wp-content\/uploads\/2025\/10\/20-10-2025-C-1-768x1024.jpg\" alt=\"\" class=\"wp-image-2807\" \/><\/figure>\n\n\n\n<figure class=\"wp-block-image size-large\"><img loading=\"lazy\" decoding=\"async\" width=\"1024\" height=\"768\" src=\"https:\/\/www.reves-sur-mer.ch\/wp-content\/uploads\/2025\/10\/20-10-2025-D-1-1024x768.jpg\" alt=\"\" class=\"wp-image-2808\" srcset=\"https:\/\/www.reves-sur-mer.ch\/wp-content\/uploads\/2025\/10\/20-10-2025-D-1-980x735.jpg 980w, https:\/\/www.reves-sur-mer.ch\/wp-content\/uploads\/2025\/10\/20-10-2025-D-1-480x360.jpg 480w\" sizes=\"(min-width: 0px) and (max-width: 480px) 480px, (min-width: 481px) and (max-width: 980px) 980px, (min-width: 981px) 1024px, 100vw\" \/><\/figure>\n\n\n\n<p><\/p>\n\n\n\n<p><strong>Mardi 21 octobre 2025<\/strong><\/p>\n\n\n\n<p><\/p>\n\n\n\n<p><\/p>\n\n\n\n<figure class=\"wp-block-image size-large\"><img loading=\"lazy\" decoding=\"async\" width=\"1024\" height=\"768\" src=\"https:\/\/www.reves-sur-mer.ch\/wp-content\/uploads\/2025\/10\/21-10-2025-A-1024x768.jpg\" alt=\"\" class=\"wp-image-2852\" srcset=\"https:\/\/www.reves-sur-mer.ch\/wp-content\/uploads\/2025\/10\/21-10-2025-A-980x735.jpg 980w, https:\/\/www.reves-sur-mer.ch\/wp-content\/uploads\/2025\/10\/21-10-2025-A-480x360.jpg 480w\" sizes=\"(min-width: 0px) and (max-width: 480px) 480px, (min-width: 481px) and (max-width: 980px) 980px, (min-width: 981px) 1024px, 100vw\" \/><\/figure>\n\n\n\n<p><\/p>\n\n\n\n<p>Environ huit heures. Nous avons quitt\u00e9 le port du Lavandou \u00e0 10h pour deux heures de navigation \u00e0 la voile, pour rejoindre l\u2019\u00eele de Port-Cros. En d\u00e9but d\u2019apr\u00e8s-midi, nous avons fait une magnifique marche avec pause de midi et pause baignade \u00e0 la plage. Finalement, nous sommes all\u00e9s au village de Port-Cros, o\u00f9 les skipper nous attendaient et avant de rejoindre le bateau, nous avons d\u00e9guster de d\u00e9licieuses glaces artisanales. Apr\u00e8s nous nous sommes baign\u00e9s avec d\u2019innombrables poissons exotiques. Ce soir nous avons assist\u00e9 \u00e0 un merveilleux coucher de soleil avec une bonne fondue Suisse. Bisous bisous bisous bisous<\/p>\n\n\n\n<p><\/p>\n\n\n\n<figure class=\"wp-block-image size-large\"><img loading=\"lazy\" decoding=\"async\" width=\"1024\" height=\"768\" src=\"https:\/\/www.reves-sur-mer.ch\/wp-content\/uploads\/2025\/10\/21-10-2025-A-2-1024x768.jpg\" alt=\"\" class=\"wp-image-2853\" srcset=\"https:\/\/www.reves-sur-mer.ch\/wp-content\/uploads\/2025\/10\/21-10-2025-A-2-980x735.jpg 980w, https:\/\/www.reves-sur-mer.ch\/wp-content\/uploads\/2025\/10\/21-10-2025-A-2-480x360.jpg 480w\" sizes=\"(min-width: 0px) and (max-width: 480px) 480px, (min-width: 481px) and (max-width: 980px) 980px, (min-width: 981px) 1024px, 100vw\" \/><\/figure>\n\n\n\n<figure class=\"wp-block-image size-large\"><img loading=\"lazy\" decoding=\"async\" width=\"768\" height=\"1024\" src=\"https:\/\/www.reves-sur-mer.ch\/wp-content\/uploads\/2025\/10\/21-10-2025-C-768x1024.jpg\" alt=\"\" class=\"wp-image-2854\" \/><\/figure>\n\n\n\n<figure class=\"wp-block-image size-large\"><img loading=\"lazy\" decoding=\"async\" width=\"768\" height=\"1024\" src=\"https:\/\/www.reves-sur-mer.ch\/wp-content\/uploads\/2025\/10\/21-10-2025-D-768x1024.jpg\" alt=\"\" class=\"wp-image-2855\" \/><\/figure>\n\n\n\n<p><\/p>\n\n\n\n<p><strong>Mercredi 22 octobre 2025<\/strong><\/p>\n\n\n\n<figure class=\"wp-block-image size-large\"><img loading=\"lazy\" decoding=\"async\" width=\"768\" height=\"1024\" src=\"https:\/\/www.reves-sur-mer.ch\/wp-content\/uploads\/2025\/10\/22-10-2025-A-1-768x1024.jpg\" alt=\"\" class=\"wp-image-2907\" \/><\/figure>\n\n\n\n<p><\/p>\n\n\n\n<p>Nous nous sommes lev\u00e9 \u00e0 5h pour pouvoir aller voir des dauphins. En route nous avons pu admirer un magnifique lev\u00e9 de soleil mais malheureusement pas de dauphin. En route nous avons rencontr\u00e9 un gros orage et il y avait de la pluie et des \u00e9clairs on s\u2019en est sorti. Pour le repas de midi, nous nous sommes arr\u00eat\u00e9s \u00e0 c\u00f4t\u00e9 du port dans un petit espace ensoleill\u00e9 et on s\u2019est baign\u00e9. Plus tard, nous sommes entr\u00e9s au port. Nous avons mis de l\u2019essence dans le bateau et apr\u00e8s on s\u2019est balad\u00e9 dans la ville. C\u2019\u00e9tait joli on a aussi mang\u00e9 des glaces. Vers le milieu de l\u2019apr\u00e8s-midi, on a accueilli l\u2019autre Groupe d\u2019Estavayer Napadelis et on a jou\u00e9 au loup-garou avec eux. Apr\u00e8s on s\u2019est balad\u00e9 tous ensemble dans la ville, on a \u00e9t\u00e9 voir un fort et on s\u2019est pris des glaces. Ce soir on mange fish and chips avec des p\u00e2tes. H\u00e2te de vous raconter notre journ\u00e9e demain. Bisous bisous<\/p>\n\n\n\n<p><\/p>\n\n\n\n<figure class=\"wp-block-image size-large\"><img loading=\"lazy\" decoding=\"async\" width=\"1024\" height=\"768\" src=\"https:\/\/www.reves-sur-mer.ch\/wp-content\/uploads\/2025\/10\/22-10-2025-B-1-1024x768.jpg\" alt=\"\" class=\"wp-image-2908\" srcset=\"https:\/\/www.reves-sur-mer.ch\/wp-content\/uploads\/2025\/10\/22-10-2025-B-1-980x735.jpg 980w, https:\/\/www.reves-sur-mer.ch\/wp-content\/uploads\/2025\/10\/22-10-2025-B-1-480x360.jpg 480w\" sizes=\"(min-width: 0px) and (max-width: 480px) 480px, (min-width: 481px) and (max-width: 980px) 980px, (min-width: 981px) 1024px, 100vw\" \/><\/figure>\n\n\n\n<figure class=\"wp-block-image size-large\"><img loading=\"lazy\" decoding=\"async\" width=\"1024\" height=\"768\" src=\"https:\/\/www.reves-sur-mer.ch\/wp-content\/uploads\/2025\/10\/22-10-2025-C-1-1024x768.jpg\" alt=\"\" class=\"wp-image-2909\" srcset=\"https:\/\/www.reves-sur-mer.ch\/wp-content\/uploads\/2025\/10\/22-10-2025-C-1-980x735.jpg 980w, https:\/\/www.reves-sur-mer.ch\/wp-content\/uploads\/2025\/10\/22-10-2025-C-1-480x360.jpg 480w\" sizes=\"(min-width: 0px) and (max-width: 480px) 480px, (min-width: 481px) and (max-width: 980px) 980px, (min-width: 981px) 1024px, 100vw\" \/><\/figure>\n\n\n\n<figure class=\"wp-block-image size-large\"><img loading=\"lazy\" decoding=\"async\" width=\"1024\" height=\"768\" src=\"https:\/\/www.reves-sur-mer.ch\/wp-content\/uploads\/2025\/10\/22-10-2025-D-1024x768.jpg\" alt=\"\" class=\"wp-image-2910\" srcset=\"https:\/\/www.reves-sur-mer.ch\/wp-content\/uploads\/2025\/10\/22-10-2025-D-980x735.jpg 980w, https:\/\/www.reves-sur-mer.ch\/wp-content\/uploads\/2025\/10\/22-10-2025-D-480x360.jpg 480w\" sizes=\"(min-width: 0px) and (max-width: 480px) 480px, (min-width: 481px) and (max-width: 980px) 980px, (min-width: 981px) 1024px, 100vw\" \/><\/figure>\n\n\n\n<p><\/p>\n\n\n\n<p><strong>Jeudi 23 octobre 2025<\/strong><\/p>\n\n\n\n<p><\/p>\n\n\n\n<p>Ce matin la diane (r\u00e9veil) a \u00e9t\u00e9 \u00e0 5h car nous devions essayer de partir au plus t\u00f4t pour \u00e9viter les mauvaises conditions qui \u00e9taient pr\u00e9vues mi-journ\u00e9e. Durant la navigation plusieurs personnes ont failli \u00ab\u00a0poser le tas\u00a0\u00bbet recr\u00e9er le bateau (Antoine Michel et Chlo\u00e9) pour finir le bateau n&rsquo;a pas \u00e9t\u00e9 repeint. Suite \u00e0 ces mauvaises conditions en mer annonc\u00e9es aujourd&rsquo;hui et demain nous avons d\u00fb avancer notre jour d&rsquo;arriv\u00e9e au dernier port \u00e0 aujourd&rsquo;hui au lieu de vendredi. Apr\u00e8s une arriv\u00e9e \u00e0 10h nous avons pris un brunch tous ensemble. En d\u00e9but de l&rsquo;apr\u00e8s-midi tous les \u00e9quipages sont partis pour une grande balade \u00e0 La Seyne-sur-Mer . La fin de la journ\u00e9e a \u00e9t\u00e9 r\u00e9serv\u00e9 \u00e0 plein de moments d&rsquo;humour et de joie de vivre et d&rsquo;un bon ap\u00e9ro avec plein de petite bricole(notre mot pr\u00e9f\u00e9r\u00e9 de cette semaine) avec notre super \u00e9quipage, \u00e0 demain bisous bisous.<\/p>\n\n\n\n<figure class=\"wp-block-image size-large\"><img decoding=\"async\" src=\"https:\/\/www.reves-sur-mer.ch\/wp-content\/uploads\/2025\/10\/23-10-2025-A-1-768x1024.jpg\" alt=\"\" class=\"wp-image-2981\" \/><\/figure>\n\n\n\n<figure class=\"wp-block-image size-large\"><img loading=\"lazy\" decoding=\"async\" width=\"768\" height=\"1024\" src=\"https:\/\/www.reves-sur-mer.ch\/wp-content\/uploads\/2025\/10\/23-10-2025-B-768x1024.jpg\" alt=\"\" class=\"wp-image-2982\" \/><\/figure>\n\n\n\n<figure class=\"wp-block-image size-large\"><img loading=\"lazy\" decoding=\"async\" width=\"768\" height=\"1024\" src=\"https:\/\/www.reves-sur-mer.ch\/wp-content\/uploads\/2025\/10\/23-10-2025-C-1-768x1024.jpg\" alt=\"\" class=\"wp-image-2983\" \/><\/figure>\n\n\n\n<figure class=\"wp-block-image size-large\"><img loading=\"lazy\" decoding=\"async\" width=\"768\" height=\"1024\" src=\"https:\/\/www.reves-sur-mer.ch\/wp-content\/uploads\/2025\/10\/23-10-2025-D-768x1024.jpg\" alt=\"\" class=\"wp-image-2984\" \/><\/figure>\n\n\n\n<p><\/p>\n\n\n\n<p><strong>Vendredi 24 octobre 2025<\/strong><\/p>\n\n\n\n<p><\/p>\n\n\n\n<figure class=\"wp-block-image size-large\"><img loading=\"lazy\" decoding=\"async\" width=\"1024\" height=\"768\" src=\"https:\/\/www.reves-sur-mer.ch\/wp-content\/uploads\/2025\/10\/24-10-2025-A-1024x768.jpg\" alt=\"\" class=\"wp-image-3037\" srcset=\"https:\/\/www.reves-sur-mer.ch\/wp-content\/uploads\/2025\/10\/24-10-2025-A-980x735.jpg 980w, https:\/\/www.reves-sur-mer.ch\/wp-content\/uploads\/2025\/10\/24-10-2025-A-480x360.jpg 480w\" sizes=\"(min-width: 0px) and (max-width: 480px) 480px, (min-width: 481px) and (max-width: 980px) 980px, (min-width: 981px) 1024px, 100vw\" \/><\/figure>\n\n\n\n<p><\/p>\n\n\n\n<p>Ce matin la Diane a sonn\u00e9 \u00e0 7h15. C\u2019\u00e9tait grasse mat. Nous avons d\u00e9jeun\u00e9 et apr\u00e8s nous sommes partis en navette \u00e0 10h25 \u00e0 Toulon pour aller voir le mus\u00e9e de la Marine fran\u00e7aise. Juste avant on a eu la chance d\u2019aller dans une boulangerie qui a particip\u00e9 \u00e0 l\u2019\u00e9mission la meilleure boulangerie de France. Vous pourrez voir l\u2019\u00e9mission le 10 novembre. C\u2019\u00e9tait d\u00e9licieux. Puis nous sommes rentrer au bateau pour le repas et nous sommes partis sous la douche pour nous faire tout beau pour la soir\u00e9e de gala au restaurant nous mangerons ce soir une bonne paella. Bisous bisous de tout le monde<\/p>\n\n\n\n<p><\/p>\n\n\n\n<figure class=\"wp-block-image size-large\"><img loading=\"lazy\" decoding=\"async\" width=\"1024\" height=\"768\" src=\"https:\/\/www.reves-sur-mer.ch\/wp-content\/uploads\/2025\/10\/24-10-2025-B-1024x768.jpg\" alt=\"\" class=\"wp-image-3039\" srcset=\"https:\/\/www.reves-sur-mer.ch\/wp-content\/uploads\/2025\/10\/24-10-2025-B-980x735.jpg 980w, https:\/\/www.reves-sur-mer.ch\/wp-content\/uploads\/2025\/10\/24-10-2025-B-480x360.jpg 480w\" sizes=\"(min-width: 0px) and (max-width: 480px) 480px, (min-width: 481px) and (max-width: 980px) 980px, (min-width: 981px) 1024px, 100vw\" \/><\/figure>\n\n\n\n<figure class=\"wp-block-image size-large\"><img loading=\"lazy\" decoding=\"async\" width=\"768\" height=\"1024\" src=\"https:\/\/www.reves-sur-mer.ch\/wp-content\/uploads\/2025\/10\/24-10-2025-C-768x1024.jpg\" alt=\"\" class=\"wp-image-3040\" \/><\/figure>\n\n\n\n<figure class=\"wp-block-image size-large\"><img loading=\"lazy\" decoding=\"async\" width=\"768\" height=\"1024\" src=\"https:\/\/www.reves-sur-mer.ch\/wp-content\/uploads\/2025\/10\/24-10-2025-D-768x1024.jpg\" alt=\"\" class=\"wp-image-3041\" \/><\/figure>\n","protected":false},"excerpt":{"rendered":"<p>Maeva , Michelle , Antoine, Anis , Arthur , Endo , Chlo\u00e9, Leona 23 octobre 2025, INFORMATION de la direction du camp RSM 2025 S2: : TEMP\u00caTE : Vu les conditions m\u00e9t\u00e9orologiques, tous les bateaux sont rentr\u00e9s sans probl\u00e8me au port d&rsquo;attache Port Pin Rolland. Un programme d&rsquo;activit\u00e9s est pr\u00e9vu pour les jeunes. Bonjour, bonjour [&hellip;]<\/p>\n","protected":false},"author":7,"featured_media":3073,"comment_status":"closed","ping_status":"closed","sticky":false,"template":"","format":"standard","meta":{"_et_pb_use_builder":"","_et_pb_old_content":"","_et_gb_content_width":"","footnotes":""},"categories":[13],"tags":[],"class_list":["post-2300","post","type-post","status-publish","format-standard","has-post-thumbnail","hentry","category-navigation"],"_links":{"self":[{"href":"http:\/\/www.reves-sur-mer.ch\/fr_fr\/wp-json\/wp\/v2\/posts\/2300","targetHints":{"allow":["GET"]}}],"collection":[{"href":"http:\/\/www.reves-sur-mer.ch\/fr_fr\/wp-json\/wp\/v2\/posts"}],"about":[{"href":"http:\/\/www.reves-sur-mer.ch\/fr_fr\/wp-json\/wp\/v2\/types\/post"}],"author":[{"embeddable":true,"href":"http:\/\/www.reves-sur-mer.ch\/fr_fr\/wp-json\/wp\/v2\/users\/7"}],"replies":[{"embeddable":true,"href":"http:\/\/www.reves-sur-mer.ch\/fr_fr\/wp-json\/wp\/v2\/comments?post=2300"}],"version-history":[{"count":12,"href":"http:\/\/www.reves-sur-mer.ch\/fr_fr\/wp-json\/wp\/v2\/posts\/2300\/revisions"}],"predecessor-version":[{"id":3119,"href":"http:\/\/www.reves-sur-mer.ch\/fr_fr\/wp-json\/wp\/v2\/posts\/2300\/revisions\/3119"}],"wp:featuredmedia":[{"embeddable":true,"href":"http:\/\/www.reves-sur-mer.ch\/fr_fr\/wp-json\/wp\/v2\/media\/3073"}],"wp:attachment":[{"href":"http:\/\/www.reves-sur-mer.ch\/fr_fr\/wp-json\/wp\/v2\/media?parent=2300"}],"wp:term":[{"taxonomy":"category","embeddable":true,"href":"http:\/\/www.reves-sur-mer.ch\/fr_fr\/wp-json\/wp\/v2\/categories?post=2300"},{"taxonomy":"post_tag","embeddable":true,"href":"http:\/\/www.reves-sur-mer.ch\/fr_fr\/wp-json\/wp\/v2\/tags?post=2300"}],"curies":[{"name":"wp","href":"https:\/\/api.w.org\/{rel}","templated":true}]}}