{"id":2162,"date":"2025-10-17T20:43:27","date_gmt":"2025-10-17T20:43:27","guid":{"rendered":"https:\/\/yc4bhvbsmfa.preview.infomaniak.website\/?p=2162"},"modified":"2025-10-25T18:36:50","modified_gmt":"2025-10-25T18:36:50","slug":"octobre-2025-semaine-2-les-crustaces-crames","status":"publish","type":"post","link":"http:\/\/www.reves-sur-mer.ch\/fr_fr\/octobre-2025-semaine-2-les-crustaces-crames\/","title":{"rendered":"Octobre 2025 Semaine 2 &#8211; LES Crustac\u00e9s cram\u00e9s &#8211; co sarine ouest"},"content":{"rendered":"\n<p>Thomas \u2013&nbsp;Augustin \u2013&nbsp;Liam \u2013&nbsp;Caroline \u2013&nbsp;Olivia S. \u2013&nbsp;Alexine \u2013&nbsp;Olivia B. \u2013&nbsp;Sasha<\/p>\n\n\n\n<p><\/p>\n\n\n\n<h2 class=\"wp-block-heading\"><strong>23 octobre 2025, INFORMATION de la direction du camp RSM 2025 S2: : TEMP\u00caTE<\/strong><\/h2>\n\n\n\n<p><strong>Vu les conditions m\u00e9t\u00e9orologiques, tous les bateaux sont rentr\u00e9s sans probl\u00e8me au port d\u2019attache Port Pin Rolland. Un programme d\u2019activit\u00e9s est pr\u00e9vu pour les jeunes.<\/strong><\/p>\n\n\n\n<p>Nous sommes l\u2019\u00e9quipage des crustac\u00e9s cram\u00e9s et vous voil\u00e0 dans notre blog pour suivre nos aventures. Nous sommes compos\u00e9s de 4 filles et de 4 poissons(gar\u00e7ons) (pour ceux qui ont la r\u00e9f), \u00e0 l\u2019appel&nbsp;: Olivia Broye, Olivia Scharff, Alexine, Thomas, Augustin, Caroline, Sacha et Liam. Veuillez consulter notre blog afin de voir si nous avons surv\u00e9cu \u00e0 notre p\u00e9riple. Avec notre \u00e9quipage un peu bancal, nous esp\u00e9rons passer une semaine inoubliable&nbsp;!<\/p>\n\n\n\n<p>Cordialement, les crustac\u00e9s cram\u00e9s\u2026<\/p>\n\n\n\n<p><strong>Samedi 18 octobre 2025<\/strong><\/p>\n\n\n\n<p><\/p>\n\n\n\n<figure class=\"wp-block-image size-large\"><img loading=\"lazy\" decoding=\"async\" width=\"1024\" height=\"768\" src=\"https:\/\/www.reves-sur-mer.ch\/wp-content\/uploads\/2025\/08\/18-10-2025-B-1024x768.jpg\" alt=\"\" class=\"wp-image-2667\" srcset=\"https:\/\/www.reves-sur-mer.ch\/wp-content\/uploads\/2025\/08\/18-10-2025-B-980x735.jpg 980w, https:\/\/www.reves-sur-mer.ch\/wp-content\/uploads\/2025\/08\/18-10-2025-B-480x360.jpg 480w\" sizes=\"(min-width: 0px) and (max-width: 480px) 480px, (min-width: 481px) and (max-width: 980px) 980px, (min-width: 981px) 1024px, 100vw\" \/><\/figure>\n\n\n\n<p><\/p>\n\n\n\n<p>D\u00e9but chaotique avec les 8 heures de car\u2026 (Pas vrai les gars devant?!) Temps moyen de sommeil par personne: 10min \u00e0 2h, Vous vous en doutez, on est tous crev\u00e9s !<br>Sortis du car, on a eu le droit \u00e0 un speech SUPER int\u00e9ressant en suisse allemand et en fran\u00e7ais \ud83d\ude09<br>Pour continuer cette journ\u00e9e palpitante et crevante, on a visit\u00e9 le bateau puis nous sommes all\u00e9s \u00e0 la mer, qui m\u00eame en octobre \u00e9tait bien agr\u00e9able ! (Comme une certaine petite sieste sur la plage hein Olivia S. ?) Ensuite pendant que nous construisons la nouvelle queue de sir\u00e8ne d&rsquo;Alexine, une mouette nous a fait caca dessus et \u00e0 manger le sandwich d&rsquo;Alice. (Elle \u00e9tait ravie).<br>Pour continuer notre escapade, nous avons passer 4h \u00e0 Intermarch\u00e9 pour pas si cher ! (Compar\u00e9 \u00e0 nos camarades al\u00e9manique ^^).<br>Et pour conclure notre p\u00e9rip\u00e9tie nous avons march\u00e9 au moins 40min en claquettes (et en costume de bain mouill\u00e9 pour Olivia B. et Alexine) jusqu&rsquo;au bateau.<\/p>\n\n\n\n<p>Conclusion: Journ\u00e9e \u00e9prouvante mais envo\u00fbtante ! Bisous et \u00e0 demain, les crustac\u00e9s cram\u00e9s (crev\u00e9s) !<\/p>\n\n\n\n<p><\/p>\n\n\n\n<figure class=\"wp-block-image size-large\"><img loading=\"lazy\" decoding=\"async\" width=\"768\" height=\"1024\" src=\"https:\/\/www.reves-sur-mer.ch\/wp-content\/uploads\/2025\/08\/18-10-2025-A-768x1024.jpg\" alt=\"\" class=\"wp-image-2668\" \/><\/figure>\n\n\n\n<p><\/p>\n\n\n\n<p><strong>Dimanche 19 octobre 2025<\/strong><\/p>\n\n\n\n<p><\/p>\n\n\n\n<figure class=\"wp-block-image size-large\"><img loading=\"lazy\" decoding=\"async\" width=\"1024\" height=\"768\" src=\"https:\/\/www.reves-sur-mer.ch\/wp-content\/uploads\/2025\/10\/Crus-19-10-C-1024x768.jpg\" alt=\"\" class=\"wp-image-2763\" srcset=\"https:\/\/www.reves-sur-mer.ch\/wp-content\/uploads\/2025\/10\/Crus-19-10-C-980x735.jpg 980w, https:\/\/www.reves-sur-mer.ch\/wp-content\/uploads\/2025\/10\/Crus-19-10-C-480x360.jpg 480w\" sizes=\"(min-width: 0px) and (max-width: 480px) 480px, (min-width: 481px) and (max-width: 980px) 980px, (min-width: 981px) 1024px, 100vw\" \/><\/figure>\n\n\n\n<p>Le deuxi\u00e8me jour de voile!<br>C&rsquo;est parti!<br>Le r\u00e9veil \u00e9tait un peu compliqu\u00e9 surtout pour Sacha.\ud83d\ude02<br>La premi\u00e8re navigation a commenc\u00e9!<br>On a vu plein de dauphins sauf Olivia B., Liam et Alice.(pourtant on a bien regard\u00e9 \ud83e\udd72)<br>Pour le premier jour, il y a Liam et Caroline qui ont vomi et les autres ne se sentaient pas bien par moment. Apr\u00e8s avoir plant\u00e9 l&rsquo;ancre, on s&rsquo;est tous baign\u00e9 malgr\u00e9 qu&rsquo;on ai eu de la peine \u00e0 rentrer sauf Olivia B., qui est tomb\u00e9e dans l&rsquo;eau \ud83d\ude02.<br>Maintenant on prend l&rsquo;ap\u00e9ro \ud83e\udd42!<\/p>\n\n\n\n<p><\/p>\n\n\n\n<figure class=\"wp-block-image size-large\"><img loading=\"lazy\" decoding=\"async\" width=\"768\" height=\"1024\" src=\"https:\/\/www.reves-sur-mer.ch\/wp-content\/uploads\/2025\/10\/Crus-19-10-A-768x1024.jpg\" alt=\"\" class=\"wp-image-2764\" \/><\/figure>\n\n\n\n<figure class=\"wp-block-image size-large\"><img loading=\"lazy\" decoding=\"async\" width=\"1024\" height=\"768\" src=\"https:\/\/www.reves-sur-mer.ch\/wp-content\/uploads\/2025\/10\/Crus-19-10-B-1024x768.jpg\" alt=\"\" class=\"wp-image-2765\" srcset=\"https:\/\/www.reves-sur-mer.ch\/wp-content\/uploads\/2025\/10\/Crus-19-10-B-980x735.jpg 980w, https:\/\/www.reves-sur-mer.ch\/wp-content\/uploads\/2025\/10\/Crus-19-10-B-480x360.jpg 480w\" sizes=\"(min-width: 0px) and (max-width: 480px) 480px, (min-width: 481px) and (max-width: 980px) 980px, (min-width: 981px) 1024px, 100vw\" \/><\/figure>\n\n\n\n<p><\/p>\n\n\n\n<p><strong>Lundi 20 octobre 2025<\/strong><\/p>\n\n\n\n<p><\/p>\n\n\n\n<figure class=\"wp-block-image size-large\"><img loading=\"lazy\" decoding=\"async\" width=\"1024\" height=\"768\" src=\"https:\/\/www.reves-sur-mer.ch\/wp-content\/uploads\/2025\/10\/Crus-20-10-A-1024x768.jpg\" alt=\"\" class=\"wp-image-2801\" srcset=\"https:\/\/www.reves-sur-mer.ch\/wp-content\/uploads\/2025\/10\/Crus-20-10-A-980x735.jpg 980w, https:\/\/www.reves-sur-mer.ch\/wp-content\/uploads\/2025\/10\/Crus-20-10-A-480x360.jpg 480w\" sizes=\"(min-width: 0px) and (max-width: 480px) 480px, (min-width: 481px) and (max-width: 980px) 980px, (min-width: 981px) 1024px, 100vw\" \/><\/figure>\n\n\n\n<p><\/p>\n\n\n\n<p>Aujourd\u2019hui le r\u00e9veil a \u00e9t\u00e9 un peu moins difficile, m\u00eame si la nuit a \u00e9t\u00e9 mouvement\u00e9e (hein les gar\u00e7ons)! Nous sommes partie \u00e0 8h30 car un orage allait arriver vers 12h00. Pour un fois Sacha n\u2019a pas dormi apr\u00e8s le r\u00e9veil. Pendant le trajet, pas d\u2019estomacs chamboul\u00e9s, mais que du karaok\u00e9! Arriv\u00e9s au port, nous sommes all\u00e9s faire les commissions et nous avons pris un petit surplus car nous avons accueilli un \u00e9quipage germanophone de Fribourg! Nous avons mang\u00e9 l\u2019ap\u00e9ro et avons fait une partie de Uno interminable. Pour terminer, nous allons profiter d\u2019une super fondue au port du Lavandou!<br>Les crustac\u00e9s cram\u00e9s,<br>Bonne soir\u00e9e<\/p>\n\n\n\n<figure class=\"wp-block-image size-large\"><img loading=\"lazy\" decoding=\"async\" width=\"1024\" height=\"778\" src=\"https:\/\/www.reves-sur-mer.ch\/wp-content\/uploads\/2025\/10\/Crus-20-10-B-1024x778.jpg\" alt=\"\" class=\"wp-image-2802\" srcset=\"https:\/\/www.reves-sur-mer.ch\/wp-content\/uploads\/2025\/10\/Crus-20-10-B-980x744.jpg 980w, https:\/\/www.reves-sur-mer.ch\/wp-content\/uploads\/2025\/10\/Crus-20-10-B-480x365.jpg 480w\" sizes=\"(min-width: 0px) and (max-width: 480px) 480px, (min-width: 481px) and (max-width: 980px) 980px, (min-width: 981px) 1024px, 100vw\" \/><\/figure>\n\n\n\n<p><\/p>\n\n\n\n<p><strong>Mardi 21 octobre 2025<\/strong><\/p>\n\n\n\n<figure class=\"wp-block-image size-large\"><img loading=\"lazy\" decoding=\"async\" width=\"1024\" height=\"768\" src=\"https:\/\/www.reves-sur-mer.ch\/wp-content\/uploads\/2025\/10\/21-10-2025-F-1024x768.jpg\" alt=\"\" class=\"wp-image-2858\" srcset=\"https:\/\/www.reves-sur-mer.ch\/wp-content\/uploads\/2025\/10\/21-10-2025-F-980x735.jpg 980w, https:\/\/www.reves-sur-mer.ch\/wp-content\/uploads\/2025\/10\/21-10-2025-F-480x360.jpg 480w\" sizes=\"(min-width: 0px) and (max-width: 480px) 480px, (min-width: 481px) and (max-width: 980px) 980px, (min-width: 981px) 1024px, 100vw\" \/><\/figure>\n\n\n\n<p><\/p>\n\n\n\n<p>Quatri\u00e8me jour, c&rsquo;est parti.<br>Ce matin apr\u00e8s le r\u00e9veil nous sommes partit pour deux heure de navigation jusqu&rsquo;\u00e0 Port-Cros. \u00c0 notre arriv\u00e9 nous avons march\u00e9 durant deux heures avec une petite escale sur une petite plage avec un petit ponton ou certain d&rsquo;entre nous en on profit\u00e9 pour saut\u00e9. Arriv\u00e9 de l&rsquo;autre c\u00f4t\u00e9 de l&rsquo;ile, au mouillage, nous avons eu l&rsquo;autorisation de nous baigner proche de notre bateau. Nous avons nourris les poissons tout en filmant avec la gopro de Augustin, le rendu est magnifique. Nous avons cru voir une bouteille en plastic \u00e0 la mer et en la ramassant nous pensons que c&rsquo;est un carcasse de mollusque<\/p>\n\n\n\n<p><\/p>\n\n\n\n<p>.<\/p>\n\n\n\n<figure class=\"wp-block-image size-large\"><img loading=\"lazy\" decoding=\"async\" width=\"1024\" height=\"768\" src=\"https:\/\/www.reves-sur-mer.ch\/wp-content\/uploads\/2025\/10\/21-10-2025-E-1024x768.jpg\" alt=\"\" class=\"wp-image-2859\" srcset=\"https:\/\/www.reves-sur-mer.ch\/wp-content\/uploads\/2025\/10\/21-10-2025-E-980x735.jpg 980w, https:\/\/www.reves-sur-mer.ch\/wp-content\/uploads\/2025\/10\/21-10-2025-E-480x360.jpg 480w\" sizes=\"(min-width: 0px) and (max-width: 480px) 480px, (min-width: 481px) and (max-width: 980px) 980px, (min-width: 981px) 1024px, 100vw\" \/><\/figure>\n\n\n\n<p><\/p>\n\n\n\n<p><strong>Mercredi 22 octobre 2025<\/strong><\/p>\n\n\n\n<p><\/p>\n\n\n\n<p>5eme jour cest parti !!<br>le reveil etait particulier, on sest reveill\u00e9 pendant la navigation car les prof voulaient nous faire une petite surprise : aller voir les dauphins et les baleines.<br>Pendant ce temp Sacha a cass\u00e9 la porte de sa chambre\ud83d\ude02.<br>Arriver au spot des animaux sous marin, il y a eu une grosse tempete:<br>UN ENORME ORAGE !!!!(Bien sur que Olivia S. et Alexine N&rsquo;ont PAS du tout STRESSE).<br>Passer l&rsquo;orage, Augustin a eu la chance d&rsquo;appercevoir un dauphin sauter et les autres seulement 8 ailerons.<br>Go faire un plint d&rsquo;essence a portquerolle !!! Ensuite, vu que nous etions arriver tr\u00e8s vite au port, nous avons fait un petit mouillage( un plouf dans l&rsquo;eau bien froide et avec le caca de Sacha pour donner l&rsquo;apero au poisson, delire de l&rsquo;\u00e9quipage).<br>Apero larrive au port on a fait un apero avec des bilingues.<br>On a eu un petit moment apres l&rsquo;apero pour faire du shopping. Les filles ont plutot achet\u00e9 des bijoux et les gar\u00e7ons comme toujours des sucreries.<br>Le soir, on a chante avec l&rsquo;\u00e9quipage d&rsquo;a cot\u00e9.<br>bonne nuit. A demain\ud83d\udc4b<\/p>\n\n\n\n<p><\/p>\n\n\n\n<p><strong>Jeudi 23 octobre 2025<\/strong><\/p>\n\n\n\n<figure class=\"wp-block-image size-large\"><img loading=\"lazy\" decoding=\"async\" width=\"1024\" height=\"768\" src=\"https:\/\/www.reves-sur-mer.ch\/wp-content\/uploads\/2025\/10\/Crus-23-10-A-1024x768.jpg\" alt=\"\" class=\"wp-image-2971\" srcset=\"https:\/\/www.reves-sur-mer.ch\/wp-content\/uploads\/2025\/10\/Crus-23-10-A-980x735.jpg 980w, https:\/\/www.reves-sur-mer.ch\/wp-content\/uploads\/2025\/10\/Crus-23-10-A-480x360.jpg 480w\" sizes=\"(min-width: 0px) and (max-width: 480px) 480px, (min-width: 481px) and (max-width: 980px) 980px, (min-width: 981px) 1024px, 100vw\" \/><\/figure>\n\n\n\n<p><\/p>\n\n\n\n<p>Ce matin, r\u00e9veil tr\u00e8s matinal (5h) ! On est partis avec le bateau de nuit \u00e0 cause du vent violent qui arrivait (25 n\u0153uds (45 km\/h) \ud83d\ude40 )et c&rsquo;\u00e9tait super fun, les vagues \u00e9taient d\u00e9cha\u00een\u00e9es et Liam et Sacha ont vomi partout sur la coque \ud83d\ude02 ! On a pu voir le lev\u00e9 de soleil, c&rsquo;\u00e9tait magique. (On a fait une petite sieste tr\u00e8s peu confortable dans le cockpit). Nous avons \u00e9chapp\u00e9 de justesse aux grosses rafales de vent et nous sommes arriv\u00e9s au port de Pin Rollant \u00e0 9h30.<br>Nous avons ensuite pris un brunch vers 10h30 puis jusqu&rsquo;\u00e0 13h45, certains ont jou\u00e9s au Skull King ou \u00e0 d&rsquo;autres jeux tandis que Olivia B. et Laurent ont fait une tr\u00e8s grosse sieste \ud83d\ude02. Puis nous sommes partis avec tous les \u00e9quipages pour faire une marche d&rsquo;environ 2h (trop long \ud83e\udd72). Madame Kolly nous a g\u00e9n\u00e9reusement achet\u00e9 des glaces sur le chemin du retour et maintenant Alexine, Olivia S. et Augustin coupent le saucisson \ud83d\ude0b !<\/p>\n\n\n\n<figure class=\"wp-block-image size-large\"><img loading=\"lazy\" decoding=\"async\" width=\"1024\" height=\"768\" src=\"https:\/\/www.reves-sur-mer.ch\/wp-content\/uploads\/2025\/10\/Crus-23-10-B-1024x768.jpg\" alt=\"\" class=\"wp-image-2972\" srcset=\"https:\/\/www.reves-sur-mer.ch\/wp-content\/uploads\/2025\/10\/Crus-23-10-B-980x735.jpg 980w, https:\/\/www.reves-sur-mer.ch\/wp-content\/uploads\/2025\/10\/Crus-23-10-B-480x360.jpg 480w\" sizes=\"(min-width: 0px) and (max-width: 480px) 480px, (min-width: 481px) and (max-width: 980px) 980px, (min-width: 981px) 1024px, 100vw\" \/><\/figure>\n\n\n\n<p><strong>Vendredi 24 octobre 2025<\/strong><\/p>\n\n\n\n<figure class=\"wp-block-image size-large\"><img loading=\"lazy\" decoding=\"async\" width=\"1024\" height=\"768\" src=\"https:\/\/www.reves-sur-mer.ch\/wp-content\/uploads\/2025\/10\/24-10-A-1024x768.jpg\" alt=\"\" class=\"wp-image-3021\" srcset=\"https:\/\/www.reves-sur-mer.ch\/wp-content\/uploads\/2025\/10\/24-10-A-980x735.jpg 980w, https:\/\/www.reves-sur-mer.ch\/wp-content\/uploads\/2025\/10\/24-10-A-480x360.jpg 480w\" sizes=\"(min-width: 0px) and (max-width: 480px) 480px, (min-width: 481px) and (max-width: 980px) 980px, (min-width: 981px) 1024px, 100vw\" \/><\/figure>\n\n\n\n<p>Cette nuit a \u00e9t\u00e9 notre plus longue nuit depuis le d\u00e9but du camp. Tout le monde est donc en pleine forme et d\u2019humeur joviale! Le r\u00e9veil a \u00e9t\u00e9 un chou\u00efa difficile (n\u2019est-ce pas Sacha?\ud83d\ude05) mais le d\u00e9jeuner a \u00e9t\u00e9 copieux! Nous avons ensuite eu quelques minutes pour commencer \u00e0 pr\u00e9parer nos sacs avant d\u2019aller prendre une navette maritime direction Toulon, pour aller au mus\u00e9e de la Marine Militaire Fran\u00e7aise! La visite a \u00e9t\u00e9 tr\u00e8s int\u00e9ressante. Pour terminer cette apr\u00e8s-midi \u00e0 Toulon, nous avons mang\u00e9 un d\u00e9licieux KFC plein de cheddar et d\u2019oignons grill\u00e9s\ud83d\ude0b! Pour terminer, nous avons de nouveau pris la navette pour retourner \u00e0 Seyne-sur-Mer. Actuellement j\u2019\u00e9cris (Liam) le blog pendant que les autres se douchent pour se pr\u00e9parer pour un \u00e9v\u00e9nement tr\u00e8s sp\u00e9cial qui est la f\u00eate de fin de camp\ud83e\udd73! Nous allons nous coucher \u00e0 23h (mon pauvre Sacha va avoir encore plus de peine \u00e0 se lever\ud83d\ude02) et demain matin nous allons nous pr\u00e9parer pour le retour en Suisse!\ud83c\udde8\ud83c\udded\ud83c\udde8\ud83c\udded\ud83c\udde8\ud83c\udded<br>Les crustac\u00e9s cram\u00e9s,<br>Bonne soir\u00e9e tout le monde!!!<\/p>\n\n\n\n<figure class=\"wp-block-image size-large\"><img loading=\"lazy\" decoding=\"async\" width=\"1024\" height=\"768\" src=\"https:\/\/www.reves-sur-mer.ch\/wp-content\/uploads\/2025\/10\/24-10-B-1024x768.jpg\" alt=\"\" class=\"wp-image-3022\" srcset=\"https:\/\/www.reves-sur-mer.ch\/wp-content\/uploads\/2025\/10\/24-10-B-980x735.jpg 980w, https:\/\/www.reves-sur-mer.ch\/wp-content\/uploads\/2025\/10\/24-10-B-480x360.jpg 480w\" sizes=\"(min-width: 0px) and (max-width: 480px) 480px, (min-width: 481px) and (max-width: 980px) 980px, (min-width: 981px) 1024px, 100vw\" \/><\/figure>\n\n\n\n<figure class=\"wp-block-image size-large\"><img loading=\"lazy\" decoding=\"async\" width=\"1024\" height=\"768\" src=\"https:\/\/www.reves-sur-mer.ch\/wp-content\/uploads\/2025\/10\/24-10-C-1024x768.jpg\" alt=\"\" class=\"wp-image-3023\" srcset=\"https:\/\/www.reves-sur-mer.ch\/wp-content\/uploads\/2025\/10\/24-10-C-980x735.jpg 980w, https:\/\/www.reves-sur-mer.ch\/wp-content\/uploads\/2025\/10\/24-10-C-480x360.jpg 480w\" sizes=\"(min-width: 0px) and (max-width: 480px) 480px, (min-width: 481px) and (max-width: 980px) 980px, (min-width: 981px) 1024px, 100vw\" \/><\/figure>\n","protected":false},"excerpt":{"rendered":"<p>Thomas \u2013&nbsp;Augustin \u2013&nbsp;Liam \u2013&nbsp;Caroline \u2013&nbsp;Olivia S. \u2013&nbsp;Alexine \u2013&nbsp;Olivia B. \u2013&nbsp;Sasha 23 octobre 2025, INFORMATION de la direction du camp RSM 2025 S2: : TEMP\u00caTE Vu les conditions m\u00e9t\u00e9orologiques, tous les bateaux sont rentr\u00e9s sans probl\u00e8me au port d\u2019attache Port Pin Rolland. Un programme d\u2019activit\u00e9s est pr\u00e9vu pour les jeunes. Nous sommes l\u2019\u00e9quipage des crustac\u00e9s cram\u00e9s [&hellip;]<\/p>\n","protected":false},"author":7,"featured_media":3065,"comment_status":"closed","ping_status":"closed","sticky":false,"template":"","format":"standard","meta":{"_et_pb_use_builder":"","_et_pb_old_content":"","_et_gb_content_width":"","footnotes":""},"categories":[13],"tags":[],"class_list":["post-2162","post","type-post","status-publish","format-standard","has-post-thumbnail","hentry","category-navigation"],"_links":{"self":[{"href":"http:\/\/www.reves-sur-mer.ch\/fr_fr\/wp-json\/wp\/v2\/posts\/2162","targetHints":{"allow":["GET"]}}],"collection":[{"href":"http:\/\/www.reves-sur-mer.ch\/fr_fr\/wp-json\/wp\/v2\/posts"}],"about":[{"href":"http:\/\/www.reves-sur-mer.ch\/fr_fr\/wp-json\/wp\/v2\/types\/post"}],"author":[{"embeddable":true,"href":"http:\/\/www.reves-sur-mer.ch\/fr_fr\/wp-json\/wp\/v2\/users\/7"}],"replies":[{"embeddable":true,"href":"http:\/\/www.reves-sur-mer.ch\/fr_fr\/wp-json\/wp\/v2\/comments?post=2162"}],"version-history":[{"count":17,"href":"http:\/\/www.reves-sur-mer.ch\/fr_fr\/wp-json\/wp\/v2\/posts\/2162\/revisions"}],"predecessor-version":[{"id":3024,"href":"http:\/\/www.reves-sur-mer.ch\/fr_fr\/wp-json\/wp\/v2\/posts\/2162\/revisions\/3024"}],"wp:featuredmedia":[{"embeddable":true,"href":"http:\/\/www.reves-sur-mer.ch\/fr_fr\/wp-json\/wp\/v2\/media\/3065"}],"wp:attachment":[{"href":"http:\/\/www.reves-sur-mer.ch\/fr_fr\/wp-json\/wp\/v2\/media?parent=2162"}],"wp:term":[{"taxonomy":"category","embeddable":true,"href":"http:\/\/www.reves-sur-mer.ch\/fr_fr\/wp-json\/wp\/v2\/categories?post=2162"},{"taxonomy":"post_tag","embeddable":true,"href":"http:\/\/www.reves-sur-mer.ch\/fr_fr\/wp-json\/wp\/v2\/tags?post=2162"}],"curies":[{"name":"wp","href":"https:\/\/api.w.org\/{rel}","templated":true}]}}