{"id":2064,"date":"2023-08-18T18:43:27","date_gmt":"2023-08-18T18:43:27","guid":{"rendered":"https:\/\/yc4bhvbsmfa.preview.infomaniak.website\/?p=2064"},"modified":"2025-08-09T19:17:17","modified_gmt":"2025-08-09T19:17:17","slug":"octobre-2023-semine-1-les-compotes","status":"publish","type":"post","link":"http:\/\/www.reves-sur-mer.ch\/fr_fr\/octobre-2023-semine-1-les-compotes\/","title":{"rendered":"Octobre 2023 Semine 1 &#8211; Les Compotes"},"content":{"rendered":"\n<p id=\"viewer-cqqsa\">Oy\u00e9 Oy\u00e9,<\/p>\n\n\n\n<p id=\"viewer-qv3q\">Nous sommes les COMpotes, de gauche \u00e0 droite : Julia, Estelle, Andrei, Ksavier, Eric, Clo\u00e9, Arthur et Luna.<\/p>\n\n\n\n<p id=\"viewer-6dc3a\">Nous sommes tous tr\u00e8s motiv\u00e9s \u00e0 vivre pleinement ce magnifique voyage en compagnie de notre skipper et de notre second.<\/p>\n\n\n\n<p id=\"viewer-9tvd6\">N\u2019h\u00e9sitez pas \u00e0 suivre nos aventures tout au long de la semaine. Chaque soir nous publierons un compte-rendu de notre journ\u00e9e sur le blog. Bonnes vacances !<\/p>\n\n\n\n<p id=\"viewer-5a6df\">Samedi 14.10.2023<\/p>\n\n\n\n<p id=\"viewer-cko7b\">Ce matin \u00e0 00:00, nous sommes parti de Avry et avons roul\u00e9 jusqu\u2019\u00e0 neuf heure. Ne pouvant pas embarquer dans le voilier nous avons d\u00e9cid\u00e9 d\u2019aller \u00e0 la plage. Nous nous sommes baign\u00e9s dans l M\u00e9diterran\u00e9e et avons commenc\u00e9 \u00e0 creuser un grand trou jusqu\u2019\u00e0 13:00.<\/p>\n\n\n\n<p id=\"viewer-7j4m0\">Puis nous avons du aller faire les courses. En revenant nous nous sommes arr\u00eat\u00e9s et pour manger une glace au bord de la mer. Etans focalis\u00e9 sur le trou creus\u00e9 \u00e0 la plage nous avons achet\u00e9 des pelles. Nous avons pu entrer dans notre voilier puis nous sommes retourn\u00e9s \u00e0 la plage, en chemin nous avons rencontr\u00e9 le g\u00e9rant du port qui a interpell\u00e9 Andrei pour procession d\u2019une arme dangereuse (une pelle de gardinage).<\/p>\n\n\n\n<p id=\"viewer-dutrg\">Et nous sommes joyeusement all\u00e9s recreuser le trou. A la fin il faisait environ 1 m\u00e8tre.<\/p>\n\n\n\n<p id=\"viewer-ej9e4\">Actuellement nous sommes en train de manger donc RDV demain soir pour la suite de l\u2019histoire des 8 COMpotes&nbsp;sur&nbsp;un&nbsp;bateau.<\/p>\n\n\n\n<p id=\"viewer-f0n93\"><strong>Dimanche 15.10.2023<\/strong><\/p>\n\n\n\n<p id=\"viewer-aqopo\">En d\u00e9but d\u2019apr\u00e8s-midi, nous avons pu naviguer jusqu\u2019a Porquerolles. Durant ces deux heures nous avons passer \u00e0 la barre. Nous \u00e9tions exciter car le bateau \u00e9tait secou\u00e9 par des vagues de plus de deux m\u00e8tres et demi.<\/p>\n\n\n\n<p id=\"viewer-63tlb\">Cependant, nous avons vite souffert du mal de mer qui a provoqu\u00e9 quelques vomis.<\/p>\n\n\n\n<p id=\"viewer-7bi1q\">Malgr\u00e9 tout, nous sommes arriv\u00e9s sains et saufs au port tous souriant (sauf Julia qui s\u2019est fais asperg\u00e9e par une \u00e9norme vague durant&nbsp;son&nbsp;sommeil).<\/p>\n\n\n\n<figure class=\"wp-block-image\"><img loading=\"lazy\" decoding=\"async\" width=\"740\" height=\"555\" src=\"https:\/\/yc4bhvbsmfa.preview.infomaniak.website\/wp-content\/uploads\/2025\/08\/f07af8_7f87fce7d0fa4f179aa293f1a4b2b82bmv2.jpg\" alt=\"\" class=\"wp-image-2067\" srcset=\"https:\/\/yc4bhvbsmfa.preview.infomaniak.website\/wp-content\/uploads\/2025\/08\/f07af8_7f87fce7d0fa4f179aa293f1a4b2b82bmv2.jpg 740w, https:\/\/yc4bhvbsmfa.preview.infomaniak.website\/wp-content\/uploads\/2025\/08\/f07af8_7f87fce7d0fa4f179aa293f1a4b2b82bmv2-480x360.jpg 480w\" sizes=\"(min-width: 0px) and (max-width: 480px) 480px, (min-width: 481px) 740px, 100vw\" \/><\/figure>\n","protected":false},"excerpt":{"rendered":"<p>Oy\u00e9 Oy\u00e9, Nous sommes les COMpotes, de gauche \u00e0 droite : Julia, Estelle, Andrei, Ksavier, Eric, Clo\u00e9, Arthur et Luna. Nous sommes tous tr\u00e8s motiv\u00e9s \u00e0 vivre pleinement ce magnifique voyage en compagnie de notre skipper et de notre second. N\u2019h\u00e9sitez pas \u00e0 suivre nos aventures tout au long de la semaine. Chaque soir nous [&hellip;]<\/p>\n","protected":false},"author":1,"featured_media":2065,"comment_status":"closed","ping_status":"closed","sticky":false,"template":"","format":"standard","meta":{"_et_pb_use_builder":"","_et_pb_old_content":"","_et_gb_content_width":"","footnotes":""},"categories":[13],"tags":[19,23],"class_list":["post-2064","post","type-post","status-publish","format-standard","has-post-thumbnail","hentry","category-navigation","tag-octobre-2023","tag-semaine-1"],"_links":{"self":[{"href":"http:\/\/www.reves-sur-mer.ch\/fr_fr\/wp-json\/wp\/v2\/posts\/2064","targetHints":{"allow":["GET"]}}],"collection":[{"href":"http:\/\/www.reves-sur-mer.ch\/fr_fr\/wp-json\/wp\/v2\/posts"}],"about":[{"href":"http:\/\/www.reves-sur-mer.ch\/fr_fr\/wp-json\/wp\/v2\/types\/post"}],"author":[{"embeddable":true,"href":"http:\/\/www.reves-sur-mer.ch\/fr_fr\/wp-json\/wp\/v2\/users\/1"}],"replies":[{"embeddable":true,"href":"http:\/\/www.reves-sur-mer.ch\/fr_fr\/wp-json\/wp\/v2\/comments?post=2064"}],"version-history":[{"count":2,"href":"http:\/\/www.reves-sur-mer.ch\/fr_fr\/wp-json\/wp\/v2\/posts\/2064\/revisions"}],"predecessor-version":[{"id":2068,"href":"http:\/\/www.reves-sur-mer.ch\/fr_fr\/wp-json\/wp\/v2\/posts\/2064\/revisions\/2068"}],"wp:featuredmedia":[{"embeddable":true,"href":"http:\/\/www.reves-sur-mer.ch\/fr_fr\/wp-json\/wp\/v2\/media\/2065"}],"wp:attachment":[{"href":"http:\/\/www.reves-sur-mer.ch\/fr_fr\/wp-json\/wp\/v2\/media?parent=2064"}],"wp:term":[{"taxonomy":"category","embeddable":true,"href":"http:\/\/www.reves-sur-mer.ch\/fr_fr\/wp-json\/wp\/v2\/categories?post=2064"},{"taxonomy":"post_tag","embeddable":true,"href":"http:\/\/www.reves-sur-mer.ch\/fr_fr\/wp-json\/wp\/v2\/tags?post=2064"}],"curies":[{"name":"wp","href":"https:\/\/api.w.org\/{rel}","templated":true}]}}