{"id":2194,"date":"2025-10-17T20:16:00","date_gmt":"2025-10-17T20:16:00","guid":{"rendered":"https:\/\/yc4bhvbsmfa.preview.infomaniak.website\/?p=2194"},"modified":"2025-10-25T18:37:52","modified_gmt":"2025-10-25T18:37:52","slug":"oktober-2025-woche-2-oktopus","status":"publish","type":"post","link":"http:\/\/www.reves-sur-mer.ch\/de\/oktober-2025-woche-2-oktopus\/","title":{"rendered":"Oktober 2025 Woche 2 &#8211; Oktopus &#8211; DOSF 2"},"content":{"rendered":"<p><strong>23 octobre 2025, INFORMATION de la direction du camp RSM 2025 S2: : TEMP\u00caTE  : Vu les conditions m\u00e9t\u00e9orologiques, tous les bateaux sont rentr\u00e9s sans probl\u00e8me au port d&rsquo;attache Port Pin Rolland. Un programme d&rsquo;activit\u00e9s est pr\u00e9vu pour les jeunes.<\/strong><\/p>\n\n\n\n<p><\/p>\n\n\n\n<p>Die Crew Oktopus, bestehend aus Josepha, Am\u00e9lie, Luc, Malko, Ayline, Eva, Aline und Telma \u2013 das sind wir! Acht Leute wie die acht Arme eines Oktopusses \u2013 perfekt eingespielt. Jeder ist einzigartig, wodurch wir ein vielf\u00e4ltiges Team haben.<\/p>\n\n\n\n<p>Bald \u2013 wir sind schon ganz aufgeregt \u2013 geht\u2019s los, auf zu einer Woche voller Abenteuer am Strand und auf dem Meer. Voller Vorfreude erwarten wir diese spezielle Woche, die garantiert fantastisch wird.<\/p>\n\n\n\n<p>Wir wollen unbedingt das Segeln lernen, zusammen kochen, im Meer baden und atemberaubende Sonnenunterg\u00e4nge erleben. Wir freuen uns, Zeit miteinander zu verbringen und Spa\u00df zu haben.<\/p>\n\n\n\n<p>Die Crew Oktopus ist bereit f\u00fcr das Abenteuer!<\/p>\n\n\n\n<p><\/p>\n\n\n\n<p><strong>Samstag, den 18. Oktober 2025<\/strong><\/p>\n\n\n\n<p><\/p>\n\n\n\n<figure class=\"wp-block-image size-large\"><img loading=\"lazy\" decoding=\"async\" width=\"768\" height=\"1024\" src=\"https:\/\/www.reves-sur-mer.ch\/wp-content\/uploads\/2025\/09\/18-10n-2025--768x1024.jpg\" alt=\"\" class=\"wp-image-2671\" \/><\/figure>\n\n\n\n<p><\/p>\n\n\n\n<p>Nach einer beinahe schlaflosen Nacht sind wir um 8 Uhr morgens im sch\u00f6nen Hafen Pin Roland eingetroffen.<br>Wir haben gefr\u00fchst\u00fcckt und uns wurde ein kurzes Breefing gegeben.<br>Dann ging es um kurz nach 9 auch schon auf die Boote. Wir haben unsere Schlafr\u00e4ume ausgesucht und uns eingerichtet. Als n\u00e4chstes haben wir gemeinsam unsere Liste f\u00fcr den Einkauf am Nachmittag zusammengestellt.<br>Nach einem kurzen Mittagessen begaben wir uns auf den Weg zum Supermarkt, was l\u00e4nger dauerte als erwartet. Wir erledigten also den Grosseinkauf und gingen dann zum Strand, wo wir uns etwas erfrischten, bevor wir zu unserem derzeitigen Heim, dem Boot, zur\u00fcckkehrten.<br>Am Abend kochen wir zum ersten Mal auf dem Boot, gespannt und hungrig warten wir darauf.<br>Morgen segeln wir dann zum ersten Mal ins Meer hinaus!<br>Warme Gr\u00fcsse aus S\u00fcdfrankreich, die Crew Octopus!<\/p>\n\n\n\n<p><\/p>\n\n\n\n<p><strong>Sonntag, den 19. Oktober 2025<\/strong><\/p>\n\n\n\n<p><\/p>\n\n\n\n<figure class=\"wp-block-image size-large\"><img loading=\"lazy\" decoding=\"async\" width=\"1024\" height=\"768\" src=\"https:\/\/www.reves-sur-mer.ch\/wp-content\/uploads\/2025\/10\/19-10-AA-1024x768.jpg\" alt=\"\" class=\"wp-image-2737\" srcset=\"https:\/\/www.reves-sur-mer.ch\/wp-content\/uploads\/2025\/10\/19-10-AA-980x735.jpg 980w, https:\/\/www.reves-sur-mer.ch\/wp-content\/uploads\/2025\/10\/19-10-AA-480x360.jpg 480w\" sizes=\"(min-width: 0px) and (max-width: 480px) 480px, (min-width: 481px) and (max-width: 980px) 980px, (min-width: 981px) 1024px, 100vw\" \/><\/figure>\n\n\n\n<p><\/p>\n\n\n\n<p>Nachdem wir heute fr\u00fch geweckt worden sind, gab es ein leckeres Fr\u00fchst\u00fcck. Danach haben wir auch schon das wichtige Sicherheits-Breefing und die Instruktionen f\u00fcr das richtige Ablegen bekommen. Doch vor dem Ablegen hatten wir noch ein perfekt schlechtes Beispiel unsrer Nachbarn, bei dem wir sehen konnten, wie wir nicht ablegen sollten. Nach dem wir aus dem Hafen ausgefahren waren, alle einige Man\u00f6ver gefahren sind, waren wir schon auf dem offenen Meer und hielten auch schon Kurs auf die Insel Porquerolles. Nach einigen Stunden Seefahrt, ein paar Seekrankheiten, waren wir auch schon angekommen. Sofort sind wir ins Wasser gesprungen, um uns zu erfrischen. Jetzt, nach einer Packung Chips, freuen wir uns auf das Abendessen und den morgigen Tag.<br>Ciao<br>~die Crew Oktopus<\/p>\n\n\n\n<p><\/p>\n\n\n\n<figure class=\"wp-block-image size-large\"><img loading=\"lazy\" decoding=\"async\" width=\"768\" height=\"1024\" src=\"https:\/\/www.reves-sur-mer.ch\/wp-content\/uploads\/2025\/10\/19-10-A-768x1024.jpg\" alt=\"\" class=\"wp-image-2738\" \/><\/figure>\n\n\n\n<p><\/p>\n\n\n\n<p><strong>Montag, den 20 Oktober 2025<\/strong><\/p>\n\n\n\n<figure class=\"wp-block-image size-large\"><img loading=\"lazy\" decoding=\"async\" width=\"768\" height=\"1024\" src=\"https:\/\/www.reves-sur-mer.ch\/wp-content\/uploads\/2025\/10\/20-10-B-1-768x1024.jpg\" alt=\"\" class=\"wp-image-2833\" \/><\/figure>\n\n\n\n<p><\/p>\n\n\n\n<p>Nach einem guten Fr\u00fchst\u00fcck sind wir als das letzte Boot aus der Bucht hinaus gefahren. Die anderen waren schon weg, weil sie nicht in das aufkommende Gewitter geraten wollten. Zuerst ging es gem\u00fctlich, doch dann wurde es immer schwerer zu steuern. Als wir anlegten, haben wir schon einmal unfreiwillig geduscht, da der Regen so stark war, dass wir pitschnass wurden. Als Mittagessen gab es einen improvisierten d\u00f6ner, der trotz den begrenzten zutaten grandios schmekte. Am Nachmittag sind wir zu einem Ap\u00e9ro auf einem der anderen Boote gegangen. Dort gab es eine SEHR lange UNO runde. Danach gab es eine sehr entspannte Dusche. Zum abendessen gab es Nudeln mit Rindfleisch.<\/p>\n\n\n\n<p>Liebe Gr\u00fc\u00dfe<br>Die Crew Oktopus<\/p>\n\n\n\n<figure class=\"wp-block-image size-large\"><img loading=\"lazy\" decoding=\"async\" width=\"1024\" height=\"768\" src=\"https:\/\/www.reves-sur-mer.ch\/wp-content\/uploads\/2025\/10\/20-10-A-1-1024x768.jpg\" alt=\"\" class=\"wp-image-2835\" srcset=\"https:\/\/www.reves-sur-mer.ch\/wp-content\/uploads\/2025\/10\/20-10-A-1-980x735.jpg 980w, https:\/\/www.reves-sur-mer.ch\/wp-content\/uploads\/2025\/10\/20-10-A-1-480x360.jpg 480w\" sizes=\"(min-width: 0px) and (max-width: 480px) 480px, (min-width: 481px) and (max-width: 980px) 980px, (min-width: 981px) 1024px, 100vw\" \/><\/figure>\n\n\n\n<figure class=\"wp-block-image size-large\"><img loading=\"lazy\" decoding=\"async\" width=\"1024\" height=\"768\" src=\"https:\/\/www.reves-sur-mer.ch\/wp-content\/uploads\/2025\/10\/20-10-D-1-1024x768.jpg\" alt=\"\" class=\"wp-image-2837\" srcset=\"https:\/\/www.reves-sur-mer.ch\/wp-content\/uploads\/2025\/10\/20-10-D-1-980x735.jpg 980w, https:\/\/www.reves-sur-mer.ch\/wp-content\/uploads\/2025\/10\/20-10-D-1-480x360.jpg 480w\" sizes=\"(min-width: 0px) and (max-width: 480px) 480px, (min-width: 481px) and (max-width: 980px) 980px, (min-width: 981px) 1024px, 100vw\" \/><\/figure>\n\n\n\n<figure class=\"wp-block-image size-large\"><img loading=\"lazy\" decoding=\"async\" width=\"768\" height=\"1024\" src=\"https:\/\/www.reves-sur-mer.ch\/wp-content\/uploads\/2025\/10\/20-10-C-768x1024.jpg\" alt=\"\" class=\"wp-image-2838\" \/><\/figure>\n\n\n\n<p><\/p>\n\n\n\n<p><strong>Dienstag, den 21. Oktober 2025<\/strong><\/p>\n\n\n\n<p><\/p>\n\n\n\n<figure class=\"wp-block-image size-large\"><img loading=\"lazy\" decoding=\"async\" width=\"768\" height=\"1024\" src=\"https:\/\/www.reves-sur-mer.ch\/wp-content\/uploads\/2025\/10\/21-10-AA-768x1024.jpg\" alt=\"\" class=\"wp-image-2869\" \/><\/figure>\n\n\n\n<p><\/p>\n\n\n\n<p>Ce matin, nous nous sommes r\u00e9veill\u00e9s tr\u00e8s t\u00f4t.<br>Mais nous avons eu un l\u00e9ger probl\u00e8me :<br>La table n\u2019avait pas \u00e9t\u00e9 bien fix\u00e9e et tous les services et les assiettes sont tomb\u00e9s.<br>La moiti\u00e9 a \u00e9t\u00e9 cass\u00e9e. Heureusement, personne n\u2019a \u00e9t\u00e9 bless\u00e9.<\/p>\n\n\n\n<p>Vers 10 heures, nous avons largu\u00e9 les amarres du port du Lavandou pour partir vers Port-Cros.<br>Les conditions ont \u00e9t\u00e9 parfaites et nous sommes donc arriv\u00e9s assez rapidement \u00e0 notre destination.<\/p>\n\n\n\n<p>Un radeau \u00e0 moteur est venu nous chercher et nous a amen\u00e9s vers le rivage.<br>Les skippers sont rest\u00e9s sur le bateau.<\/p>\n\n\n\n<p>Car aujourd\u2019hui a \u00e9t\u00e9 un jour sp\u00e9cial !<br>Les autres bateaux nous ont rejoints et nous avons pu faire ensemble une magnifique marche \u00e0 travers l\u2019\u00eele,<br>avec, bien s\u00fbr, une petite pause baignade dans la M\u00e9diterran\u00e9e.<\/p>\n\n\n\n<p>Les skippers nous ont attendus dans un port incroyable.<br>Avec un coucher de soleil incroyable, nous nous r\u00e9jouissons autour d\u2019une fondue fribourgeoise.<\/p>\n\n\n\n<p><\/p>\n\n\n\n<figure class=\"wp-block-image size-large\"><img loading=\"lazy\" decoding=\"async\" width=\"1024\" height=\"768\" src=\"https:\/\/www.reves-sur-mer.ch\/wp-content\/uploads\/2025\/10\/21-10-B-1-1024x768.jpg\" alt=\"\" class=\"wp-image-2870\" srcset=\"https:\/\/www.reves-sur-mer.ch\/wp-content\/uploads\/2025\/10\/21-10-B-1-980x735.jpg 980w, https:\/\/www.reves-sur-mer.ch\/wp-content\/uploads\/2025\/10\/21-10-B-1-480x360.jpg 480w\" sizes=\"(min-width: 0px) and (max-width: 480px) 480px, (min-width: 481px) and (max-width: 980px) 980px, (min-width: 981px) 1024px, 100vw\" \/><\/figure>\n\n\n\n<p><\/p>\n\n\n\n<p><strong>Mittwoch, den 22. Oktober 2025<\/strong><\/p>\n\n\n\n<p><\/p>\n\n\n\n<figure class=\"wp-block-image size-large\"><img loading=\"lazy\" decoding=\"async\" width=\"1024\" height=\"768\" src=\"https:\/\/www.reves-sur-mer.ch\/wp-content\/uploads\/2025\/10\/22-10-C-1024x768.jpg\" alt=\"\" class=\"wp-image-2889\" srcset=\"https:\/\/www.reves-sur-mer.ch\/wp-content\/uploads\/2025\/10\/22-10-C-980x735.jpg 980w, https:\/\/www.reves-sur-mer.ch\/wp-content\/uploads\/2025\/10\/22-10-C-480x360.jpg 480w\" sizes=\"(min-width: 0px) and (max-width: 480px) 480px, (min-width: 481px) and (max-width: 980px) 980px, (min-width: 981px) 1024px, 100vw\" \/><\/figure>\n\n\n\n<p><\/p>\n\n\n\n<p>Heute morgen sind wir schon um 06:00 Uhr aufgestanden. Leider haben wir ein Problem mit den Navigationsger\u00e4ten. Trotzdem haben wir es geschafft planm\u00e4ssig um 06:30 Uhr loszufahren, um uns auf die Suche nach Delfinen und Walen zu begeben. Es gab einen sehr sch\u00f6nen Sonnenaufgang und kurz danach haben wir auch schon Delfine gesehen. Als wir gerade die Delfine beobachteten, kam die Nachricht, dass ein Gewitter auf uns zukommt. Schliesslich gab es Blitze und hohe Wellen. Als wir aus dem Gewitter rausgekommen sind, sind wir in Richtung einer sch\u00f6nen Bucht gefahren, um dort f\u00fcr das Mittagessen zu Ankern. Wir konnten schwimmen gehen und habe ein gutes Mittagessen genossen. Ein eingenwilliges Haargummi wollte baden gehen, woraufhin es eine kleine Rettungsaktion gab. Danach sind wir zu unserem Hafenplatz weitergefahren und haben alle ein Eis gegessen. Daraufhin genossen wir eine sch\u00f6ne Dusche und empfingen kurz darauf schon eine andere Bootgruppe zum Ap\u00e9ro. Nun sitzen wir (Am\u00e9lie und Josepha) hier und schreiben den Blog, w\u00e4hrend die anderen schon seit einer Minute aus dem Supermarkt zur\u00fcck sein sollten. Nun m\u00fcssen sie pro versp\u00e4tete Minute 10 Liegest\u00fctze machen.<br>Beste Gr\u00fcsse aus Porquerolles!<\/p>\n\n\n\n<p><\/p>\n\n\n\n<figure class=\"wp-block-image size-large\"><img loading=\"lazy\" decoding=\"async\" width=\"1024\" height=\"768\" src=\"https:\/\/www.reves-sur-mer.ch\/wp-content\/uploads\/2025\/10\/22-10-A-1024x768.jpg\" alt=\"\" class=\"wp-image-2890\" srcset=\"https:\/\/www.reves-sur-mer.ch\/wp-content\/uploads\/2025\/10\/22-10-A-980x735.jpg 980w, https:\/\/www.reves-sur-mer.ch\/wp-content\/uploads\/2025\/10\/22-10-A-480x360.jpg 480w\" sizes=\"(min-width: 0px) and (max-width: 480px) 480px, (min-width: 481px) and (max-width: 980px) 980px, (min-width: 981px) 1024px, 100vw\" \/><\/figure>\n\n\n\n<figure class=\"wp-block-image size-large\"><img loading=\"lazy\" decoding=\"async\" width=\"768\" height=\"1024\" src=\"https:\/\/www.reves-sur-mer.ch\/wp-content\/uploads\/2025\/10\/22-10-B-768x1024.jpg\" alt=\"\" class=\"wp-image-2891\" \/><\/figure>\n\n\n\n<figure class=\"wp-block-image size-large\"><img loading=\"lazy\" decoding=\"async\" width=\"1024\" height=\"768\" src=\"https:\/\/www.reves-sur-mer.ch\/wp-content\/uploads\/2025\/10\/22-10-D-1024x768.jpg\" alt=\"\" class=\"wp-image-2892\" srcset=\"https:\/\/www.reves-sur-mer.ch\/wp-content\/uploads\/2025\/10\/22-10-D-980x735.jpg 980w, https:\/\/www.reves-sur-mer.ch\/wp-content\/uploads\/2025\/10\/22-10-D-480x360.jpg 480w\" sizes=\"(min-width: 0px) and (max-width: 480px) 480px, (min-width: 481px) and (max-width: 980px) 980px, (min-width: 981px) 1024px, 100vw\" \/><\/figure>\n\n\n\n<figure class=\"wp-block-image size-large\"><img loading=\"lazy\" decoding=\"async\" width=\"1024\" height=\"768\" src=\"https:\/\/www.reves-sur-mer.ch\/wp-content\/uploads\/2025\/10\/22-10-E-1024x768.jpg\" alt=\"\" class=\"wp-image-2893\" srcset=\"https:\/\/www.reves-sur-mer.ch\/wp-content\/uploads\/2025\/10\/22-10-E-980x735.jpg 980w, https:\/\/www.reves-sur-mer.ch\/wp-content\/uploads\/2025\/10\/22-10-E-480x360.jpg 480w\" sizes=\"(min-width: 0px) and (max-width: 480px) 480px, (min-width: 481px) and (max-width: 980px) 980px, (min-width: 981px) 1024px, 100vw\" \/><\/figure>\n\n\n\n<figure class=\"wp-block-image size-large\"><img loading=\"lazy\" decoding=\"async\" width=\"1024\" height=\"768\" src=\"https:\/\/www.reves-sur-mer.ch\/wp-content\/uploads\/2025\/10\/22-10-F-1024x768.jpg\" alt=\"\" class=\"wp-image-2894\" srcset=\"https:\/\/www.reves-sur-mer.ch\/wp-content\/uploads\/2025\/10\/22-10-F-980x735.jpg 980w, https:\/\/www.reves-sur-mer.ch\/wp-content\/uploads\/2025\/10\/22-10-F-480x360.jpg 480w\" sizes=\"(min-width: 0px) and (max-width: 480px) 480px, (min-width: 481px) and (max-width: 980px) 980px, (min-width: 981px) 1024px, 100vw\" \/><\/figure>\n\n\n\n<figure class=\"wp-block-image size-large\"><img loading=\"lazy\" decoding=\"async\" width=\"1024\" height=\"768\" src=\"https:\/\/www.reves-sur-mer.ch\/wp-content\/uploads\/2025\/10\/22-10-G-1024x768.jpg\" alt=\"\" class=\"wp-image-2895\" srcset=\"https:\/\/www.reves-sur-mer.ch\/wp-content\/uploads\/2025\/10\/22-10-G-980x735.jpg 980w, https:\/\/www.reves-sur-mer.ch\/wp-content\/uploads\/2025\/10\/22-10-G-480x360.jpg 480w\" sizes=\"(min-width: 0px) and (max-width: 480px) 480px, (min-width: 481px) and (max-width: 980px) 980px, (min-width: 981px) 1024px, 100vw\" \/><\/figure>\n\n\n\n<p><\/p>\n\n\n\n<p><strong>Donnerstag, den 23. Oktober<\/strong><\/p>\n\n\n\n<p><\/p>\n\n\n\n<figure class=\"wp-block-image size-large\"><img loading=\"lazy\" decoding=\"async\" width=\"1024\" height=\"768\" src=\"https:\/\/www.reves-sur-mer.ch\/wp-content\/uploads\/2025\/10\/23-10-A-1024x768.jpg\" alt=\"\" class=\"wp-image-2965\" srcset=\"https:\/\/www.reves-sur-mer.ch\/wp-content\/uploads\/2025\/10\/23-10-A-980x735.jpg 980w, https:\/\/www.reves-sur-mer.ch\/wp-content\/uploads\/2025\/10\/23-10-A-480x360.jpg 480w\" sizes=\"(min-width: 0px) and (max-width: 480px) 480px, (min-width: 481px) and (max-width: 980px) 980px, (min-width: 981px) 1024px, 100vw\" \/><\/figure>\n\n\n\n<p><\/p>\n\n\n\n<p>Heute hat der Tag fr\u00fch begonnen, um 05:25 Uhr, damit wir nicht in den jetzt tobenden Sturm kommen konnten. Um 05:30 Uhr wurden dann die Leinen gel\u00f6st. Nach einer Fahrt mit Navigation im Dunkeln, lenken in den Wellen und auf das ankommen warten, hatten wir noch eine kleine Runde durch den Milit\u00e4rhafen gemacht. Weil wir alle noch ein bisschen Hunger hatten, haben wir als zweites Fr\u00fchst\u00fcck noch Chips gegessen. Nach einer kurzen Ruhepause haben wir noch ein kleines Mittagessen gemacht. Nach dem Mittagessen haben wir erfahren, dass wir wandern gehen sollten, doch wir haben uns als Gruppe entschieden in die Stadt zu gehen, um in den Supermarkt zu gehen und ein kleines Eis zu geniessen. Eigentlich wollten wir Gem\u00fcse f\u00fcr die Sp\u00e4tzlepfanne kaufen, stattdessen wurden es nur Lotus Kekse. Jetzt machen wir noch ein Ap\u00e9ro und essen sp\u00e4ter zum Abendessen noch die Sp\u00e4tzle.<\/p>\n\n\n\n<p>Wir freuen euch bald wiederzusehen, die Crew Oktopus<\/p>\n\n\n\n<p><\/p>\n\n\n\n<figure class=\"wp-block-image size-large\"><img loading=\"lazy\" decoding=\"async\" width=\"1024\" height=\"768\" src=\"https:\/\/www.reves-sur-mer.ch\/wp-content\/uploads\/2025\/10\/23-10-B-1024x768.jpg\" alt=\"\" class=\"wp-image-2966\" srcset=\"https:\/\/www.reves-sur-mer.ch\/wp-content\/uploads\/2025\/10\/23-10-B-980x735.jpg 980w, https:\/\/www.reves-sur-mer.ch\/wp-content\/uploads\/2025\/10\/23-10-B-480x360.jpg 480w\" sizes=\"(min-width: 0px) and (max-width: 480px) 480px, (min-width: 481px) and (max-width: 980px) 980px, (min-width: 981px) 1024px, 100vw\" \/><\/figure>\n\n\n\n<figure class=\"wp-block-image size-large\"><img loading=\"lazy\" decoding=\"async\" width=\"1024\" height=\"768\" src=\"https:\/\/www.reves-sur-mer.ch\/wp-content\/uploads\/2025\/10\/23-10-C-1024x768.jpg\" alt=\"\" class=\"wp-image-2967\" srcset=\"https:\/\/www.reves-sur-mer.ch\/wp-content\/uploads\/2025\/10\/23-10-C-980x735.jpg 980w, https:\/\/www.reves-sur-mer.ch\/wp-content\/uploads\/2025\/10\/23-10-C-480x360.jpg 480w\" sizes=\"(min-width: 0px) and (max-width: 480px) 480px, (min-width: 481px) and (max-width: 980px) 980px, (min-width: 981px) 1024px, 100vw\" \/><\/figure>\n\n\n\n<p><strong>Freitag, den 24. Oktober 2025<\/strong><\/p>\n\n\n\n<p>Heute konnten wir ausschlafen, da wir die letzten Tage fr\u00fch aufgestanden sind. Nach dem Fr\u00fchst\u00fcck sind wir mit dem Navette-Boot nach Toulon gefahren. Dort angekommen durften wir f\u00fcr eine Stunde alleine durch die Stadt laufen, wobei Monsieur Angelo zu sp\u00e4t kam und auch Liegest\u00fctzen machen musste. Zum Mittagessen gab es leckere Pizza (ausser die eine mit Pesto, die nicht lecker war). Nachher sind wir ein Museum \u00fcber Schiffsfahrt besichtigen gegangen. Als wir wieder zur\u00fcck waren, haben wir geduscht und jetzt belegt der \u201eD\u00f6nermann\u201d die Sandwiches.<br>Ciao<br>~ die Crew \ud83d\udc19<\/p>\n\n\n\n<figure class=\"wp-block-image size-large\"><img loading=\"lazy\" decoding=\"async\" width=\"768\" height=\"1024\" src=\"https:\/\/www.reves-sur-mer.ch\/wp-content\/uploads\/2025\/10\/24-10-768x1024.jpg\" alt=\"\" class=\"wp-image-3031\" \/><\/figure>\n\n\n\n<figure class=\"wp-block-image size-large\"><img loading=\"lazy\" decoding=\"async\" width=\"1024\" height=\"768\" src=\"https:\/\/www.reves-sur-mer.ch\/wp-content\/uploads\/2025\/10\/24-10-B-4-1024x768.jpg\" alt=\"\" class=\"wp-image-3048\" srcset=\"https:\/\/www.reves-sur-mer.ch\/wp-content\/uploads\/2025\/10\/24-10-B-4-980x735.jpg 980w, https:\/\/www.reves-sur-mer.ch\/wp-content\/uploads\/2025\/10\/24-10-B-4-480x360.jpg 480w\" sizes=\"(min-width: 0px) and (max-width: 480px) 480px, (min-width: 481px) and (max-width: 980px) 980px, (min-width: 981px) 1024px, 100vw\" \/><\/figure>\n\n\n\n<figure class=\"wp-block-image size-large\"><img loading=\"lazy\" decoding=\"async\" width=\"1024\" height=\"768\" src=\"https:\/\/www.reves-sur-mer.ch\/wp-content\/uploads\/2025\/10\/24-10-C-2-1024x768.jpg\" alt=\"\" class=\"wp-image-3049\" srcset=\"https:\/\/www.reves-sur-mer.ch\/wp-content\/uploads\/2025\/10\/24-10-C-2-980x735.jpg 980w, https:\/\/www.reves-sur-mer.ch\/wp-content\/uploads\/2025\/10\/24-10-C-2-480x360.jpg 480w\" sizes=\"(min-width: 0px) and (max-width: 480px) 480px, (min-width: 481px) and (max-width: 980px) 980px, (min-width: 981px) 1024px, 100vw\" \/><\/figure>","protected":false},"excerpt":{"rendered":"<p>23 octobre 2025, INFORMATION de la direction du camp RSM 2025 S2: : TEMP\u00caTE : Vu les conditions m\u00e9t\u00e9orologiques, tous les bateaux sont rentr\u00e9s sans probl\u00e8me au port d&rsquo;attache Port Pin Rolland. Un programme d&rsquo;activit\u00e9s est pr\u00e9vu pour les jeunes. Die Crew Oktopus, bestehend aus Josepha, Am\u00e9lie, Luc, Malko, Ayline, Eva, Aline und Telma \u2013 [&hellip;]<\/p>\n","protected":false},"author":7,"featured_media":3067,"comment_status":"closed","ping_status":"closed","sticky":false,"template":"","format":"standard","meta":{"_et_pb_use_builder":"","_et_pb_old_content":"","_et_gb_content_width":"","footnotes":""},"categories":[13],"tags":[],"class_list":["post-2194","post","type-post","status-publish","format-standard","has-post-thumbnail","hentry","category-navigation"],"_links":{"self":[{"href":"http:\/\/www.reves-sur-mer.ch\/de\/wp-json\/wp\/v2\/posts\/2194","targetHints":{"allow":["GET"]}}],"collection":[{"href":"http:\/\/www.reves-sur-mer.ch\/de\/wp-json\/wp\/v2\/posts"}],"about":[{"href":"http:\/\/www.reves-sur-mer.ch\/de\/wp-json\/wp\/v2\/types\/post"}],"author":[{"embeddable":true,"href":"http:\/\/www.reves-sur-mer.ch\/de\/wp-json\/wp\/v2\/users\/7"}],"replies":[{"embeddable":true,"href":"http:\/\/www.reves-sur-mer.ch\/de\/wp-json\/wp\/v2\/comments?post=2194"}],"version-history":[{"count":15,"href":"http:\/\/www.reves-sur-mer.ch\/de\/wp-json\/wp\/v2\/posts\/2194\/revisions"}],"predecessor-version":[{"id":3051,"href":"http:\/\/www.reves-sur-mer.ch\/de\/wp-json\/wp\/v2\/posts\/2194\/revisions\/3051"}],"wp:featuredmedia":[{"embeddable":true,"href":"http:\/\/www.reves-sur-mer.ch\/de\/wp-json\/wp\/v2\/media\/3067"}],"wp:attachment":[{"href":"http:\/\/www.reves-sur-mer.ch\/de\/wp-json\/wp\/v2\/media?parent=2194"}],"wp:term":[{"taxonomy":"category","embeddable":true,"href":"http:\/\/www.reves-sur-mer.ch\/de\/wp-json\/wp\/v2\/categories?post=2194"},{"taxonomy":"post_tag","embeddable":true,"href":"http:\/\/www.reves-sur-mer.ch\/de\/wp-json\/wp\/v2\/tags?post=2194"}],"curies":[{"name":"wp","href":"https:\/\/api.w.org\/{rel}","templated":true}]}}